{"id":5172,"date":"2014-10-07T04:43:41","date_gmt":"2014-10-07T04:43:41","guid":{"rendered":"http:\/\/www.catedracosgaya.com.ar\/tipoblog\/2014\/?p=5172"},"modified":"2014-10-07T17:53:07","modified_gmt":"2014-10-07T17:53:07","slug":"les-dejo-unos-interesantes-fasciculos-de-un-diario-semanal","status":"publish","type":"post","link":"https:\/\/www.catedracosgaya.com.ar\/tipoblog\/2014\/les-dejo-unos-interesantes-fasciculos-de-un-diario-semanal\/","title":{"rendered":"Reedici\u00f3n de fasc\u00edculos"},"content":{"rendered":"<p>Quer\u00eda mostrar la evoluci\u00f3n del dise\u00f1o de estos fasc\u00edculos que viene 1 vez por mes en un diario semanal. El car\u00e1cter comunicacional sigue siendo el mismo, pero se profundiz\u00f3 en la s\u00edntesis y la composici\u00f3n para lograr una integraci\u00f3n entre todos los elementos. Ya en el \u00faltimo dise\u00f1o se puede ver como las partes est\u00e1n totalmente sectorizadas y compuestas, llevando a la funcionalidad de los niveles de lectura a un nivel mucho m\u00e1s elevado por su diferencia de escala y pastilla de informaci\u00f3n. Asi tambi\u00e9n remarcando el impacto de la pieza.<\/p>\n<p>El dise\u00f1o del fasc\u00edculo fue evolucionando a la par del dise\u00f1o del diario, entendiendo la necesidad de mejorar lo estilistico para tener una herramienta de lucha m\u00e1s funcional como son estos materiales.<\/p>\n<p>Se me ocurri\u00f3 compartirlos porque es lo que m\u00e1s disfruto de uno de los diarios que leo. Es hasta m\u00e1s emocionante que cuando venia el cup\u00f3n para el\u00a0disckman\u00a0de la\u00a0revista genios!<\/p>\n<p>Espero que los disfruten.<\/p>\n<p><a title=\"FASCICULOS\" href=\"http:\/\/www.pcr.org.ar\/seccion.php?area=c9f0f895fb98ab9159f51fd0297e236d\" target=\"_blank\">http:\/\/www.pcr.org.ar\/seccion.php?area=c9f0f895fb98ab9159f51fd0297e236d<img loading=\"lazy\" decoding=\"async\" src=\"http:\/\/www.pcr.org.ar\/sites\/default\/files\/imagenes_notas\/tapa-cuadernillo-31.jpg\" alt=\"\" width=\"314\" height=\"426\" \/><img loading=\"lazy\" decoding=\"async\" src=\"http:\/\/www.pcr.org.ar\/index\/nota_view_foto_nomenclador_by_id.php?id_nomenclador=261\" alt=\"\" width=\"298\" height=\"426\" \/><img loading=\"lazy\" decoding=\"async\" src=\"http:\/\/www.pcr.org.ar\/sites\/default\/files\/tapas\/zhou_enlai_2.jpg\" alt=\"\" width=\"299\" height=\"420\" \/><\/a><\/p>\n","protected":false},"excerpt":{"rendered":"<p>Quer\u00eda mostrar la evoluci\u00f3n del dise\u00f1o de estos fasc\u00edculos que viene 1 vez por mes en un diario semanal. El car\u00e1cter comunicacional sigue siendo el mismo, pero se profundiz\u00f3 en la s\u00edntesis y la composici\u00f3n [&hellip;]<\/p>\n","protected":false},"author":323,"featured_media":5183,"comment_status":"closed","ping_status":"closed","sticky":false,"template":"","format":"standard","meta":{"jetpack_post_was_ever_published":false,"_jetpack_newsletter_access":"","_jetpack_dont_email_post_to_subs":false,"_jetpack_newsletter_tier_id":0,"_jetpack_memberships_contains_paywalled_content":false,"_jetpack_memberships_contains_paid_content":false,"footnotes":""},"categories":[1],"tags":[],"class_list":["post-5172","post","type-post","status-publish","format-standard","has-post-thumbnail","hentry","category-sin-categoria"],"jetpack_featured_media_url":"https:\/\/www.catedracosgaya.com.ar\/tipoblog\/2014\/wp-content\/uploads\/2014\/10\/mao.jpg","jetpack_shortlink":"https:\/\/wp.me\/p4rrRH-1lq","jetpack_sharing_enabled":true,"_links":{"self":[{"href":"https:\/\/www.catedracosgaya.com.ar\/tipoblog\/2014\/wp-json\/wp\/v2\/posts\/5172","targetHints":{"allow":["GET"]}}],"collection":[{"href":"https:\/\/www.catedracosgaya.com.ar\/tipoblog\/2014\/wp-json\/wp\/v2\/posts"}],"about":[{"href":"https:\/\/www.catedracosgaya.com.ar\/tipoblog\/2014\/wp-json\/wp\/v2\/types\/post"}],"author":[{"embeddable":true,"href":"https:\/\/www.catedracosgaya.com.ar\/tipoblog\/2014\/wp-json\/wp\/v2\/users\/323"}],"replies":[{"embeddable":true,"href":"https:\/\/www.catedracosgaya.com.ar\/tipoblog\/2014\/wp-json\/wp\/v2\/comments?post=5172"}],"version-history":[{"count":6,"href":"https:\/\/www.catedracosgaya.com.ar\/tipoblog\/2014\/wp-json\/wp\/v2\/posts\/5172\/revisions"}],"predecessor-version":[{"id":5180,"href":"https:\/\/www.catedracosgaya.com.ar\/tipoblog\/2014\/wp-json\/wp\/v2\/posts\/5172\/revisions\/5180"}],"wp:featuredmedia":[{"embeddable":true,"href":"https:\/\/www.catedracosgaya.com.ar\/tipoblog\/2014\/wp-json\/wp\/v2\/media\/5183"}],"wp:attachment":[{"href":"https:\/\/www.catedracosgaya.com.ar\/tipoblog\/2014\/wp-json\/wp\/v2\/media?parent=5172"}],"wp:term":[{"taxonomy":"category","embeddable":true,"href":"https:\/\/www.catedracosgaya.com.ar\/tipoblog\/2014\/wp-json\/wp\/v2\/categories?post=5172"},{"taxonomy":"post_tag","embeddable":true,"href":"https:\/\/www.catedracosgaya.com.ar\/tipoblog\/2014\/wp-json\/wp\/v2\/tags?post=5172"}],"curies":[{"name":"wp","href":"https:\/\/api.w.org\/{rel}","templated":true}]}}