{"id":5126,"date":"2014-10-03T04:49:49","date_gmt":"2014-10-03T04:49:49","guid":{"rendered":"http:\/\/www.catedracosgaya.com.ar\/tipoblog\/2014\/?p=5126"},"modified":"2014-10-03T04:59:03","modified_gmt":"2014-10-03T04:59:03","slug":"que-hago-tipografia-para-texto","status":"publish","type":"post","link":"https:\/\/www.catedracosgaya.com.ar\/tipoblog\/2014\/que-hago-tipografia-para-texto\/","title":{"rendered":"\u00bfQue hago? Tipograf\u00eda para texto"},"content":{"rendered":"<p>A la hora de dise\u00f1ar o redise\u00f1ar un diario, uno de los problemas m\u00e1s importantes que se presentan es la elecci\u00f3n de una fuente para el texto. A la hora de elegir, se tienen en cuenta diferentes factores como las capacidades t\u00e9cnicas de reproducci\u00f3n, la econom\u00eda espacial de la fuente, la altura de x y de ascendentes y descendentes y, no menos importante, el gusto, tanto del dise\u00f1ador como las modas de la \u00e9poca.<\/p>\n<p>A medida que pasa el tiempo van apareciendo nuevas mejoras en la tecnolog\u00eda de impresi\u00f3n, un cambio hacia nuevos sistemas de paginaci\u00f3n, y, cada vez m\u00e1s, la reducci\u00f3n de la p\u00e1gina a un formato m\u00e1s estrecho. A la luz de estos cambios, los dise\u00f1adores se enfrentan con decisiones que tomar como si para ganar espacio, reducir los elementos del dise\u00f1o (titulares, fotograf\u00eda y especialmente texto). Tambi\u00e9n sucede que al mejorar los sistemas de impresi\u00f3n, se abre el abanico de fuentes para utilizar, a pesar de que el empaste en cuerpos chicos sigue siendo un problema en la actualidad.<\/p>\n<p><img loading=\"lazy\" decoding=\"async\" data-attachment-id=\"5127\" data-permalink=\"https:\/\/www.catedracosgaya.com.ar\/tipoblog\/2014\/que-hago-tipografia-para-texto\/12-2\/\" data-orig-file=\"https:\/\/www.catedracosgaya.com.ar\/tipoblog\/2014\/wp-content\/uploads\/2014\/10\/12-2.jpg\" data-orig-size=\"580,386\" data-comments-opened=\"0\" data-image-meta=\"{&quot;aperture&quot;:&quot;0&quot;,&quot;credit&quot;:&quot;&quot;,&quot;camera&quot;:&quot;&quot;,&quot;caption&quot;:&quot;&quot;,&quot;created_timestamp&quot;:&quot;0&quot;,&quot;copyright&quot;:&quot;&quot;,&quot;focal_length&quot;:&quot;0&quot;,&quot;iso&quot;:&quot;0&quot;,&quot;shutter_speed&quot;:&quot;0&quot;,&quot;title&quot;:&quot;&quot;}\" data-image-title=\"Diario The Musulman\" data-image-description=\"\" data-image-caption=\"\" data-large-file=\"https:\/\/www.catedracosgaya.com.ar\/tipoblog\/2014\/wp-content\/uploads\/2014\/10\/12-2.jpg\" class=\"alignnone size-medium wp-image-5127\" src=\"http:\/\/www.catedracosgaya.com.ar\/tipoblog\/2014\/wp-content\/uploads\/2014\/10\/12-2-300x199.jpg\" alt=\"Diario The Musulman\" width=\"300\" height=\"199\" srcset=\"https:\/\/www.catedracosgaya.com.ar\/tipoblog\/2014\/wp-content\/uploads\/2014\/10\/12-2-300x199.jpg 300w, https:\/\/www.catedracosgaya.com.ar\/tipoblog\/2014\/wp-content\/uploads\/2014\/10\/12-2.jpg 580w\" sizes=\"auto, (max-width: 300px) 100vw, 300px\" \/><\/p>\n<div id=\"attachment_5128\" style=\"width: 310px\" class=\"wp-caption alignnone\"><a href=\"http:\/\/www.catedracosgaya.com.ar\/tipoblog\/2014\/wp-content\/uploads\/2014\/10\/12763860.jpg\"><img loading=\"lazy\" decoding=\"async\" aria-describedby=\"caption-attachment-5128\" data-attachment-id=\"5128\" data-permalink=\"https:\/\/www.catedracosgaya.com.ar\/tipoblog\/2014\/que-hago-tipografia-para-texto\/attachment\/12763860\/\" data-orig-file=\"https:\/\/www.catedracosgaya.com.ar\/tipoblog\/2014\/wp-content\/uploads\/2014\/10\/12763860.jpg\" data-orig-size=\"550,412\" data-comments-opened=\"0\" data-image-meta=\"{&quot;aperture&quot;:&quot;0&quot;,&quot;credit&quot;:&quot;&quot;,&quot;camera&quot;:&quot;&quot;,&quot;caption&quot;:&quot;&quot;,&quot;created_timestamp&quot;:&quot;0&quot;,&quot;copyright&quot;:&quot;&quot;,&quot;focal_length&quot;:&quot;0&quot;,&quot;iso&quot;:&quot;0&quot;,&quot;shutter_speed&quot;:&quot;0&quot;,&quot;title&quot;:&quot;&quot;}\" data-image-title=\"La farola\" data-image-description=\"\" data-image-caption=\"&lt;p&gt;Negativo de plancha de impresi\u00f3n. Peri\u00f3dico La Farola 1878&lt;\/p&gt;\n\" data-large-file=\"https:\/\/www.catedracosgaya.com.ar\/tipoblog\/2014\/wp-content\/uploads\/2014\/10\/12763860.jpg\" class=\"size-medium wp-image-5128\" src=\"http:\/\/www.catedracosgaya.com.ar\/tipoblog\/2014\/wp-content\/uploads\/2014\/10\/12763860-300x224.jpg\" alt=\"Negativo de plancha de impresi\u00f3n. Peri\u00f3dico La Farola 1878\" width=\"300\" height=\"224\" srcset=\"https:\/\/www.catedracosgaya.com.ar\/tipoblog\/2014\/wp-content\/uploads\/2014\/10\/12763860-300x224.jpg 300w, https:\/\/www.catedracosgaya.com.ar\/tipoblog\/2014\/wp-content\/uploads\/2014\/10\/12763860.jpg 550w\" sizes=\"auto, (max-width: 300px) 100vw, 300px\" \/><\/a><p id=\"caption-attachment-5128\" class=\"wp-caption-text\"><a href=\"http:\/\/www.catedracosgaya.com.ar\/tipoblog\/2014\/wp-content\/uploads\/2014\/10\/imprenta-diario-del-viajero.jpg\"><img loading=\"lazy\" decoding=\"async\" data-attachment-id=\"5130\" data-permalink=\"https:\/\/www.catedracosgaya.com.ar\/tipoblog\/2014\/que-hago-tipografia-para-texto\/imprenta-diario-del-viajero\/\" data-orig-file=\"https:\/\/www.catedracosgaya.com.ar\/tipoblog\/2014\/wp-content\/uploads\/2014\/10\/imprenta-diario-del-viajero.jpg\" data-orig-size=\"480,432\" data-comments-opened=\"0\" data-image-meta=\"{&quot;aperture&quot;:&quot;0&quot;,&quot;credit&quot;:&quot;&quot;,&quot;camera&quot;:&quot;&quot;,&quot;caption&quot;:&quot;&quot;,&quot;created_timestamp&quot;:&quot;0&quot;,&quot;copyright&quot;:&quot;&quot;,&quot;focal_length&quot;:&quot;0&quot;,&quot;iso&quot;:&quot;0&quot;,&quot;shutter_speed&quot;:&quot;0&quot;,&quot;title&quot;:&quot;&quot;}\" data-image-title=\"Imprenta\" data-image-description=\"\" data-image-caption=\"\" data-large-file=\"https:\/\/www.catedracosgaya.com.ar\/tipoblog\/2014\/wp-content\/uploads\/2014\/10\/imprenta-diario-del-viajero.jpg\" class=\"alignnone  wp-image-5130\" src=\"http:\/\/www.catedracosgaya.com.ar\/tipoblog\/2014\/wp-content\/uploads\/2014\/10\/imprenta-diario-del-viajero-300x270.jpg\" alt=\"Imprenta\" width=\"301\" height=\"271\" srcset=\"https:\/\/www.catedracosgaya.com.ar\/tipoblog\/2014\/wp-content\/uploads\/2014\/10\/imprenta-diario-del-viajero-300x270.jpg 300w, https:\/\/www.catedracosgaya.com.ar\/tipoblog\/2014\/wp-content\/uploads\/2014\/10\/imprenta-diario-del-viajero.jpg 480w\" sizes=\"auto, (max-width: 301px) 100vw, 301px\" \/><\/a> <a href=\"http:\/\/www.catedracosgaya.com.ar\/tipoblog\/2014\/wp-content\/uploads\/2014\/10\/rotativa_premsa_impremta_diaris1_recurs.jpg\"><img loading=\"lazy\" decoding=\"async\" data-attachment-id=\"5131\" data-permalink=\"https:\/\/www.catedracosgaya.com.ar\/tipoblog\/2014\/que-hago-tipografia-para-texto\/rotativa_premsa_impremta_diaris1_recurs\/\" data-orig-file=\"https:\/\/www.catedracosgaya.com.ar\/tipoblog\/2014\/wp-content\/uploads\/2014\/10\/rotativa_premsa_impremta_diaris1_recurs.jpg\" data-orig-size=\"512,345\" data-comments-opened=\"0\" data-image-meta=\"{&quot;aperture&quot;:&quot;0&quot;,&quot;credit&quot;:&quot;&quot;,&quot;camera&quot;:&quot;&quot;,&quot;caption&quot;:&quot;&quot;,&quot;created_timestamp&quot;:&quot;0&quot;,&quot;copyright&quot;:&quot;&quot;,&quot;focal_length&quot;:&quot;0&quot;,&quot;iso&quot;:&quot;0&quot;,&quot;shutter_speed&quot;:&quot;0&quot;,&quot;title&quot;:&quot;&quot;}\" data-image-title=\"Prensa rotativa\" data-image-description=\"\" data-image-caption=\"\" data-large-file=\"https:\/\/www.catedracosgaya.com.ar\/tipoblog\/2014\/wp-content\/uploads\/2014\/10\/rotativa_premsa_impremta_diaris1_recurs.jpg\" class=\"alignnone  wp-image-5131\" src=\"http:\/\/www.catedracosgaya.com.ar\/tipoblog\/2014\/wp-content\/uploads\/2014\/10\/rotativa_premsa_impremta_diaris1_recurs-300x202.jpg\" alt=\"Prensa rotativa\" width=\"302\" height=\"203\" srcset=\"https:\/\/www.catedracosgaya.com.ar\/tipoblog\/2014\/wp-content\/uploads\/2014\/10\/rotativa_premsa_impremta_diaris1_recurs-300x202.jpg 300w, https:\/\/www.catedracosgaya.com.ar\/tipoblog\/2014\/wp-content\/uploads\/2014\/10\/rotativa_premsa_impremta_diaris1_recurs.jpg 512w\" sizes=\"auto, (max-width: 302px) 100vw, 302px\" \/><\/a><\/p><\/div>\n<p>Otros aspecto importante que se tiene en cuenta es cuantas letras y palabras se imprimen en cada l\u00ednea. El diario es un negocio y con tiradas tan masivas y la velocidad de impresi\u00f3n tan alta (ya sea un peri\u00f3dico o diario) que se intenta aprovechar al m\u00e1ximo el espacio estando as\u00ed entrenados tanto los periodistas como los dise\u00f1adores para no dejar aires innecesarios. Para esto tambi\u00e9n se han dise\u00f1ado tipograf\u00edas con una altura de la \u201cx\u201d para hacer que la letra parezca m\u00e1s grande que otras tipograf\u00eda con los mismos puntos de tama\u00f1o. Tambi\u00e9n se suelen buscar tipograf\u00edas mas condensadas para titulares, aunque eso depende del perfil general del diario y su forma de redactar las noticias.<\/p>\n<p><img loading=\"lazy\" decoding=\"async\" data-attachment-id=\"5133\" data-permalink=\"https:\/\/www.catedracosgaya.com.ar\/tipoblog\/2014\/que-hago-tipografia-para-texto\/t02b_05-cero_letrao_v2\/\" data-orig-file=\"https:\/\/www.catedracosgaya.com.ar\/tipoblog\/2014\/wp-content\/uploads\/2014\/10\/T02B_05-cero_letrao_v2.jpg\" data-orig-size=\"701,526\" data-comments-opened=\"0\" data-image-meta=\"{&quot;aperture&quot;:&quot;0&quot;,&quot;credit&quot;:&quot;&quot;,&quot;camera&quot;:&quot;&quot;,&quot;caption&quot;:&quot;&quot;,&quot;created_timestamp&quot;:&quot;0&quot;,&quot;copyright&quot;:&quot;&quot;,&quot;focal_length&quot;:&quot;0&quot;,&quot;iso&quot;:&quot;0&quot;,&quot;shutter_speed&quot;:&quot;0&quot;,&quot;title&quot;:&quot;&quot;}\" data-image-title=\"Condensadas\" data-image-description=\"\" data-image-caption=\"\" data-large-file=\"https:\/\/www.catedracosgaya.com.ar\/tipoblog\/2014\/wp-content\/uploads\/2014\/10\/T02B_05-cero_letrao_v2.jpg\" class=\"alignnone  wp-image-5133\" src=\"http:\/\/www.catedracosgaya.com.ar\/tipoblog\/2014\/wp-content\/uploads\/2014\/10\/T02B_05-cero_letrao_v2-300x225.jpg\" alt=\"Condensadas\" width=\"274\" height=\"206\" srcset=\"https:\/\/www.catedracosgaya.com.ar\/tipoblog\/2014\/wp-content\/uploads\/2014\/10\/T02B_05-cero_letrao_v2-300x225.jpg 300w, https:\/\/www.catedracosgaya.com.ar\/tipoblog\/2014\/wp-content\/uploads\/2014\/10\/T02B_05-cero_letrao_v2.jpg 701w\" sizes=\"auto, (max-width: 274px) 100vw, 274px\" \/>\u00a0 \u00a0\u00a0<img loading=\"lazy\" decoding=\"async\" data-attachment-id=\"5129\" data-permalink=\"https:\/\/www.catedracosgaya.com.ar\/tipoblog\/2014\/que-hago-tipografia-para-texto\/alineacion-y-altura-de-x\/\" data-orig-file=\"https:\/\/www.catedracosgaya.com.ar\/tipoblog\/2014\/wp-content\/uploads\/2014\/10\/Alineacion-y-altura-de-x.jpg\" data-orig-size=\"1600,983\" data-comments-opened=\"0\" data-image-meta=\"{&quot;aperture&quot;:&quot;0&quot;,&quot;credit&quot;:&quot;&quot;,&quot;camera&quot;:&quot;&quot;,&quot;caption&quot;:&quot;&quot;,&quot;created_timestamp&quot;:&quot;0&quot;,&quot;copyright&quot;:&quot;&quot;,&quot;focal_length&quot;:&quot;0&quot;,&quot;iso&quot;:&quot;0&quot;,&quot;shutter_speed&quot;:&quot;0&quot;,&quot;title&quot;:&quot;&quot;}\" data-image-title=\"Alineacion y altura de x\" data-image-description=\"\" data-image-caption=\"\" data-large-file=\"https:\/\/www.catedracosgaya.com.ar\/tipoblog\/2014\/wp-content\/uploads\/2014\/10\/Alineacion-y-altura-de-x-1024x629.jpg\" class=\"alignnone  wp-image-5129\" src=\"http:\/\/www.catedracosgaya.com.ar\/tipoblog\/2014\/wp-content\/uploads\/2014\/10\/Alineacion-y-altura-de-x-300x184.jpg\" alt=\"Alineacion y altura de x\" width=\"274\" height=\"168\" srcset=\"https:\/\/www.catedracosgaya.com.ar\/tipoblog\/2014\/wp-content\/uploads\/2014\/10\/Alineacion-y-altura-de-x-300x184.jpg 300w, https:\/\/www.catedracosgaya.com.ar\/tipoblog\/2014\/wp-content\/uploads\/2014\/10\/Alineacion-y-altura-de-x-1024x629.jpg 1024w, https:\/\/www.catedracosgaya.com.ar\/tipoblog\/2014\/wp-content\/uploads\/2014\/10\/Alineacion-y-altura-de-x.jpg 1600w\" sizes=\"auto, (max-width: 274px) 100vw, 274px\" \/>\u00a0 \u00a0\u00a0<img loading=\"lazy\" decoding=\"async\" data-attachment-id=\"5132\" data-permalink=\"https:\/\/www.catedracosgaya.com.ar\/tipoblog\/2014\/que-hago-tipografia-para-texto\/t02b_02-ascendente_descendente-2\/\" data-orig-file=\"https:\/\/www.catedracosgaya.com.ar\/tipoblog\/2014\/wp-content\/uploads\/2014\/10\/T02B_02-ascendente_descendente.jpg\" data-orig-size=\"700,526\" data-comments-opened=\"0\" data-image-meta=\"{&quot;aperture&quot;:&quot;0&quot;,&quot;credit&quot;:&quot;&quot;,&quot;camera&quot;:&quot;&quot;,&quot;caption&quot;:&quot;&quot;,&quot;created_timestamp&quot;:&quot;0&quot;,&quot;copyright&quot;:&quot;&quot;,&quot;focal_length&quot;:&quot;0&quot;,&quot;iso&quot;:&quot;0&quot;,&quot;shutter_speed&quot;:&quot;0&quot;,&quot;title&quot;:&quot;&quot;}\" data-image-title=\"Ascendente y Descendente\" data-image-description=\"\" data-image-caption=\"\" data-large-file=\"https:\/\/www.catedracosgaya.com.ar\/tipoblog\/2014\/wp-content\/uploads\/2014\/10\/T02B_02-ascendente_descendente.jpg\" class=\"alignnone  wp-image-5132\" src=\"http:\/\/www.catedracosgaya.com.ar\/tipoblog\/2014\/wp-content\/uploads\/2014\/10\/T02B_02-ascendente_descendente-300x225.jpg\" alt=\"Ascendente y Descendente\" width=\"272\" height=\"204\" srcset=\"https:\/\/www.catedracosgaya.com.ar\/tipoblog\/2014\/wp-content\/uploads\/2014\/10\/T02B_02-ascendente_descendente-300x225.jpg 300w, https:\/\/www.catedracosgaya.com.ar\/tipoblog\/2014\/wp-content\/uploads\/2014\/10\/T02B_02-ascendente_descendente.jpg 700w\" sizes=\"auto, (max-width: 272px) 100vw, 272px\" \/><\/p>\n<p>Para analizar la altura de x<\/p>\n<p>http:\/\/es.wikipedia.org\/wiki\/Altura_de_la_x<\/p>\n<p>Por \u00faltimo un aspecto presente en todo trabajo de un dise\u00f1ador, se quiera o no, es el gusto. Habiendo cada vez m\u00e1s opciones para elegir, no solo se busca una fuente que se adecue al formato y estilo del diario que se va a hacer, sino que al igual que en el armado general del diario, las decisiones est\u00e1n influenciadas por el gusto personal del dise\u00f1ador y la moda de la \u00e9poca.<\/p>\n<p>&nbsp;<\/p>\n<p>&nbsp;<\/p>\n<p>Fuentes utilizadas en peri\u00f3dicos espa\u00f1oles:<\/p>\n<p><span style=\"color: #000000\">-Bureau Grotesque 37 (Avui, Canarias 7 y La Gaceta de Salamanca).<\/span><br style=\"color: #000000\" \/><span style=\"color: #000000\">-Charter Itc. (Diario de Jerez y Diario de Sevilla).<\/span><br style=\"color: #000000\" \/><span style=\"color: #000000\">-C\u00edvica (La Verdad, Sur y la mayor\u00eda de los diarios del Grupo Vocento). Es una variante de la Interstate.<\/span><br style=\"color: #000000\" \/><span style=\"color: #000000\">-Concorde Nova (La Raz\u00f3n).<\/span><br style=\"color: #000000\" \/><span style=\"color: #000000\">-Emona (Diario de C\u00e1diz).<\/span><br style=\"color: #000000\" \/><span style=\"color: #000000\">-Forever Bold y Forever Regular (As).<\/span><br style=\"color: #000000\" \/><span style=\"color: #000000\">-Franklin Gothic Book (Diari de Sabadell, Metro ySegre).<\/span><br style=\"color: #000000\" \/><span style=\"color: #000000\">-Frutiger 77 Black Condensed (Diario de Teruel).<\/span><br style=\"color: #000000\" \/><span style=\"color: #000000\">-Helv\u00e9tica: Helv\u00e9tica Bold (El Adelanto de Salamanca, El Mundo, El Peri\u00f3dico de Catalu\u00f1a), Helv\u00e9tica Condensed Bold (20 minutos), Helv\u00e9tica Neue Bold (C\u00f3rdoba, Ja\u00e9n, Levante-EMV), Helv\u00e9tica Neue Extra Black Condensed (El Pa\u00eds).<\/span><br style=\"color: #000000\" \/><span style=\"color: #000000\">-Interstate (Diario de Burgos).<\/span><br style=\"color: #000000\" \/><span style=\"color: #000000\">-Kievit (Huelva Informaci\u00f3n).<\/span><br style=\"color: #000000\" \/><span style=\"color: #000000\">-Knockout (Cinco D\u00edas).<\/span><br style=\"color: #000000\" \/><span style=\"color: #000000\">-Le Monde Journal (ABC).<\/span><br style=\"color: #000000\" \/><span style=\"color: #000000\">-Madison (El Mundo).<\/span><br style=\"color: #000000\" \/><span style=\"color: #000000\">-MD (Mundo Deportivo).<\/span><br style=\"color: #000000\" \/><span style=\"color: #000000\">-Meta (Europa Sur).<\/span><br style=\"color: #000000\" \/><span style=\"color: #000000\">-Minion (Faro de Vigo).<\/span><br style=\"color: #000000\" \/><span style=\"color: #000000\">-Poynter: Poynter Agate Bold Condensed (Marca), Poynter Display (Heraldo de Arag\u00f3n y La Provincia), Poynter Gothic (La Voz de Galicia).<\/span><br style=\"color: #000000\" \/><span style=\"color: #000000\">Quadraat Headline (Granada Hoy).<\/span><br style=\"color: #000000\" \/><span style=\"color: #000000\">-TheSans Bold (El D\u00eda de C\u00f3rdoba).<\/span><br style=\"color: #000000\" \/><span style=\"color: #000000\">-Times: (Diari de Tarragona, El Pa\u00eds y La Vanguardia). Times Europa Bold (Regi\u00f3 7).<\/span><br style=\"color: #000000\" \/><span style=\"color: #000000\">-Zine Sans Display (M\u00e1laga Hoy).<\/span><\/p>\n","protected":false},"excerpt":{"rendered":"<p>Al ser un tema especialmente dificultoso, algunas consideraciones a la hora de meterse en la problem\u00e1tica de seleccionar una fuente tipogr\u00e1fica para el texto en el diario a partir de los m\u00e9todos de impresi\u00f3n, el dise\u00f1o de los caracteres y el gusto del dise\u00f1ador.<\/p>\n","protected":false},"author":319,"featured_media":5146,"comment_status":"closed","ping_status":"closed","sticky":false,"template":"","format":"standard","meta":{"jetpack_post_was_ever_published":false,"_jetpack_newsletter_access":"","_jetpack_dont_email_post_to_subs":false,"_jetpack_newsletter_tier_id":0,"_jetpack_memberships_contains_paywalled_content":false,"_jetpack_memberships_contains_paid_content":false,"footnotes":""},"categories":[5],"tags":[],"class_list":["post-5126","post","type-post","status-publish","format-standard","has-post-thumbnail","hentry","category-periodico"],"jetpack_featured_media_url":"https:\/\/www.catedracosgaya.com.ar\/tipoblog\/2014\/wp-content\/uploads\/2014\/10\/Captura-de-pantalla-2014-10-03-a-las-01.57.56.png","jetpack_shortlink":"https:\/\/wp.me\/p4rrRH-1kG","jetpack_sharing_enabled":true,"_links":{"self":[{"href":"https:\/\/www.catedracosgaya.com.ar\/tipoblog\/2014\/wp-json\/wp\/v2\/posts\/5126","targetHints":{"allow":["GET"]}}],"collection":[{"href":"https:\/\/www.catedracosgaya.com.ar\/tipoblog\/2014\/wp-json\/wp\/v2\/posts"}],"about":[{"href":"https:\/\/www.catedracosgaya.com.ar\/tipoblog\/2014\/wp-json\/wp\/v2\/types\/post"}],"author":[{"embeddable":true,"href":"https:\/\/www.catedracosgaya.com.ar\/tipoblog\/2014\/wp-json\/wp\/v2\/users\/319"}],"replies":[{"embeddable":true,"href":"https:\/\/www.catedracosgaya.com.ar\/tipoblog\/2014\/wp-json\/wp\/v2\/comments?post=5126"}],"version-history":[{"count":9,"href":"https:\/\/www.catedracosgaya.com.ar\/tipoblog\/2014\/wp-json\/wp\/v2\/posts\/5126\/revisions"}],"predecessor-version":[{"id":5142,"href":"https:\/\/www.catedracosgaya.com.ar\/tipoblog\/2014\/wp-json\/wp\/v2\/posts\/5126\/revisions\/5142"}],"wp:featuredmedia":[{"embeddable":true,"href":"https:\/\/www.catedracosgaya.com.ar\/tipoblog\/2014\/wp-json\/wp\/v2\/media\/5146"}],"wp:attachment":[{"href":"https:\/\/www.catedracosgaya.com.ar\/tipoblog\/2014\/wp-json\/wp\/v2\/media?parent=5126"}],"wp:term":[{"taxonomy":"category","embeddable":true,"href":"https:\/\/www.catedracosgaya.com.ar\/tipoblog\/2014\/wp-json\/wp\/v2\/categories?post=5126"},{"taxonomy":"post_tag","embeddable":true,"href":"https:\/\/www.catedracosgaya.com.ar\/tipoblog\/2014\/wp-json\/wp\/v2\/tags?post=5126"}],"curies":[{"name":"wp","href":"https:\/\/api.w.org\/{rel}","templated":true}]}}