{"id":5105,"date":"2014-10-03T23:59:36","date_gmt":"2014-10-03T23:59:36","guid":{"rendered":"http:\/\/www.catedracosgaya.com.ar\/tipoblog\/2014\/?p=5105"},"modified":"2014-10-03T23:59:36","modified_gmt":"2014-10-03T23:59:36","slug":"consideraciones-generales-sobre-el-diseno-periodistico","status":"publish","type":"post","link":"https:\/\/www.catedracosgaya.com.ar\/tipoblog\/2014\/consideraciones-generales-sobre-el-diseno-periodistico\/","title":{"rendered":"Consideraciones generales sobre el dise\u00f1o period\u00edstico"},"content":{"rendered":"<p>Revolviendo algunas cosas en mi casa, me top\u00e9 con unos facs\u00edmiles del siglo XX que me parecieron pertinentes y m\u00e1s que potables para darle un marco visual a mi breve an\u00e1lisis.<br \/>\nEn principio, parto de la siguiente premisa: con la informaci\u00f3n, se dise\u00f1a. Esto significa que de la necesidad de informar y\u00a0comunicar eficazmente\u00a0emerge la tarea\u00a0del dise\u00f1ador. Y si bien la hechura de una noticia queda a cargo del\u00a0periodista, el dise\u00f1ador ocupa un rol determinante en cuanto a la comunicaci\u00f3n p\u00fablica de la misma, esto es, su presentaci\u00f3n. Qu\u00e9 se enfatiza, c\u00f3mo se jerarquiza, qu\u00e9 destaca por sobre el resto y cu\u00e1l es la partida conceptual abordada desde lo visual, son consideraciones esenciales\u00a0a la hora de pensar el dise\u00f1o de un peri\u00f3dico.<\/p>\n<p>Consideremos el doble objetivo de esta pieza comunicacional: por un lado el est\u00e9tico, el cual, dependiendo de la propuesta, ayuda a fortalecer el discurso impl\u00edcito de una l\u00ednea editorial; y por el otro el funcional-compositivo, es decir, su servicio en tanto\u00a0pieza informativa empaquetada\u00a0de manera clara mediante una determinada\u00a0organizaci\u00f3n visual de diversos elementos, a fin de lograr una comunicaci\u00f3n eficaz y directa.<\/p>\n<p>Contando con esta base explicativa, acudir\u00e9 a las im\u00e1genes para desarrollar los siguientes subtemas:<\/p>\n<p><strong><em>Perdurabilidad en el tiempo \u00f3\u00a0cambio radical\u00a0de una propuesta<\/em><\/strong><\/p>\n<p><em>La Vanguardia<\/em> (peri\u00f3dico espa\u00f1ol) constituye un buen ejemplo en cuanto a su continuidad en la propuesta gr\u00e1fica: con destacada primac\u00eda de im\u00e1genes, logr\u00f3 desarrollar una propuesta bastante personal (quiz\u00e1 visto a distancia, un poco fuera de c\u00f3digo) que logr\u00f3 subsistir en el tiempo.\u00a0N\u00f3tese el impacto de las noticias\u00a0y c\u00f3mo apela a un p\u00fablico con un fuerte conocimiento de los actores pol\u00edticos de la \u00e9poca.<\/p>\n<div id=\"attachment_5121\" style=\"width: 215px\" class=\"wp-caption alignnone\"><a href=\"http:\/\/www.catedracosgaya.com.ar\/tipoblog\/2014\/wp-content\/uploads\/2014\/10\/DSCF3840.jpg\"><img loading=\"lazy\" decoding=\"async\" aria-describedby=\"caption-attachment-5121\" data-attachment-id=\"5121\" data-permalink=\"https:\/\/www.catedracosgaya.com.ar\/tipoblog\/2014\/consideraciones-generales-sobre-el-diseno-periodistico\/dscf3840\/\" data-orig-file=\"https:\/\/www.catedracosgaya.com.ar\/tipoblog\/2014\/wp-content\/uploads\/2014\/10\/DSCF3840.jpg\" data-orig-size=\"1776,2596\" data-comments-opened=\"0\" data-image-meta=\"{&quot;aperture&quot;:&quot;8&quot;,&quot;credit&quot;:&quot;&quot;,&quot;camera&quot;:&quot;FinePix A600&quot;,&quot;caption&quot;:&quot;&quot;,&quot;created_timestamp&quot;:&quot;1136073657&quot;,&quot;copyright&quot;:&quot;&quot;,&quot;focal_length&quot;:&quot;8&quot;,&quot;iso&quot;:&quot;100&quot;,&quot;shutter_speed&quot;:&quot;0.0166666666667&quot;,&quot;title&quot;:&quot;&quot;}\" data-image-title=\"DSCF3840\" data-image-description=\"\" data-image-caption=\"\" data-large-file=\"https:\/\/www.catedracosgaya.com.ar\/tipoblog\/2014\/wp-content\/uploads\/2014\/10\/DSCF3840-700x1024.jpg\" class=\"wp-image-5121 size-medium\" src=\"http:\/\/www.catedracosgaya.com.ar\/tipoblog\/2014\/wp-content\/uploads\/2014\/10\/DSCF3840-205x300.jpg\" alt=\"DSCF3840\" width=\"205\" height=\"300\" srcset=\"https:\/\/www.catedracosgaya.com.ar\/tipoblog\/2014\/wp-content\/uploads\/2014\/10\/DSCF3840-205x300.jpg 205w, https:\/\/www.catedracosgaya.com.ar\/tipoblog\/2014\/wp-content\/uploads\/2014\/10\/DSCF3840-700x1024.jpg 700w, https:\/\/www.catedracosgaya.com.ar\/tipoblog\/2014\/wp-content\/uploads\/2014\/10\/DSCF3840.jpg 1776w\" sizes=\"auto, (max-width: 205px) 100vw, 205px\" \/><\/a><p id=\"caption-attachment-5121\" class=\"wp-caption-text\">La Vanguardia -1941<\/p><\/div>\n<div id=\"attachment_5122\" style=\"width: 217px\" class=\"wp-caption alignnone\"><a href=\"http:\/\/www.catedracosgaya.com.ar\/tipoblog\/2014\/wp-content\/uploads\/2014\/10\/DSCF3895.jpg\"><img loading=\"lazy\" decoding=\"async\" aria-describedby=\"caption-attachment-5122\" data-attachment-id=\"5122\" data-permalink=\"https:\/\/www.catedracosgaya.com.ar\/tipoblog\/2014\/consideraciones-generales-sobre-el-diseno-periodistico\/dscf3895\/\" data-orig-file=\"https:\/\/www.catedracosgaya.com.ar\/tipoblog\/2014\/wp-content\/uploads\/2014\/10\/DSCF3895.jpg\" data-orig-size=\"1788,2584\" data-comments-opened=\"0\" data-image-meta=\"{&quot;aperture&quot;:&quot;8&quot;,&quot;credit&quot;:&quot;&quot;,&quot;camera&quot;:&quot;FinePix A600&quot;,&quot;caption&quot;:&quot;&quot;,&quot;created_timestamp&quot;:&quot;1136073612&quot;,&quot;copyright&quot;:&quot;&quot;,&quot;focal_length&quot;:&quot;8&quot;,&quot;iso&quot;:&quot;100&quot;,&quot;shutter_speed&quot;:&quot;0.0166666666667&quot;,&quot;title&quot;:&quot;&quot;}\" data-image-title=\"DSCF3895\" data-image-description=\"\" data-image-caption=\"\" data-large-file=\"https:\/\/www.catedracosgaya.com.ar\/tipoblog\/2014\/wp-content\/uploads\/2014\/10\/DSCF3895-708x1024.jpg\" class=\"wp-image-5122 size-medium\" src=\"http:\/\/www.catedracosgaya.com.ar\/tipoblog\/2014\/wp-content\/uploads\/2014\/10\/DSCF3895-207x300.jpg\" alt=\"DSCF3895\" width=\"207\" height=\"300\" srcset=\"https:\/\/www.catedracosgaya.com.ar\/tipoblog\/2014\/wp-content\/uploads\/2014\/10\/DSCF3895-207x300.jpg 207w, https:\/\/www.catedracosgaya.com.ar\/tipoblog\/2014\/wp-content\/uploads\/2014\/10\/DSCF3895-708x1024.jpg 708w, https:\/\/www.catedracosgaya.com.ar\/tipoblog\/2014\/wp-content\/uploads\/2014\/10\/DSCF3895-228x331.jpg 228w, https:\/\/www.catedracosgaya.com.ar\/tipoblog\/2014\/wp-content\/uploads\/2014\/10\/DSCF3895.jpg 1788w\" sizes=\"auto, (max-width: 207px) 100vw, 207px\" \/><\/a><p id=\"caption-attachment-5122\" class=\"wp-caption-text\">La Vanguardia &#8211; 1953<\/p><\/div>\n<div id=\"attachment_5123\" style=\"width: 216px\" class=\"wp-caption alignnone\"><a href=\"http:\/\/www.catedracosgaya.com.ar\/tipoblog\/2014\/wp-content\/uploads\/2014\/10\/2-de-Julio-de-1974.jpg\"><img loading=\"lazy\" decoding=\"async\" aria-describedby=\"caption-attachment-5123\" data-attachment-id=\"5123\" data-permalink=\"https:\/\/www.catedracosgaya.com.ar\/tipoblog\/2014\/consideraciones-generales-sobre-el-diseno-periodistico\/2-de-julio-de-1974\/\" data-orig-file=\"https:\/\/www.catedracosgaya.com.ar\/tipoblog\/2014\/wp-content\/uploads\/2014\/10\/2-de-Julio-de-1974.jpg\" data-orig-size=\"495,720\" data-comments-opened=\"0\" data-image-meta=\"{&quot;aperture&quot;:&quot;0&quot;,&quot;credit&quot;:&quot;&quot;,&quot;camera&quot;:&quot;&quot;,&quot;caption&quot;:&quot;&quot;,&quot;created_timestamp&quot;:&quot;0&quot;,&quot;copyright&quot;:&quot;&quot;,&quot;focal_length&quot;:&quot;0&quot;,&quot;iso&quot;:&quot;0&quot;,&quot;shutter_speed&quot;:&quot;0&quot;,&quot;title&quot;:&quot;&quot;}\" data-image-title=\"2 de Julio de 1974\" data-image-description=\"\" data-image-caption=\"\" data-large-file=\"https:\/\/www.catedracosgaya.com.ar\/tipoblog\/2014\/wp-content\/uploads\/2014\/10\/2-de-Julio-de-1974.jpg\" class=\"wp-image-5123 size-medium\" src=\"http:\/\/www.catedracosgaya.com.ar\/tipoblog\/2014\/wp-content\/uploads\/2014\/10\/2-de-Julio-de-1974-206x300.jpg\" alt=\"2 de Julio de 1974\" width=\"206\" height=\"300\" srcset=\"https:\/\/www.catedracosgaya.com.ar\/tipoblog\/2014\/wp-content\/uploads\/2014\/10\/2-de-Julio-de-1974-206x300.jpg 206w, https:\/\/www.catedracosgaya.com.ar\/tipoblog\/2014\/wp-content\/uploads\/2014\/10\/2-de-Julio-de-1974-228x331.jpg 228w, https:\/\/www.catedracosgaya.com.ar\/tipoblog\/2014\/wp-content\/uploads\/2014\/10\/2-de-Julio-de-1974.jpg 495w\" sizes=\"auto, (max-width: 206px) 100vw, 206px\" \/><\/a><p id=\"caption-attachment-5123\" class=\"wp-caption-text\">La Vanguardia &#8211; 1974<\/p><\/div>\n<p>Cerrando el ejemplo:\u00a0<em>La Vanguardia<\/em>\u00a0ha logrado sostener\u00a0una coherencia est\u00e9tica durante d\u00e9cadas, tocase la noticia que tocase. No es as\u00ed, sin embargo, el caso de los ejemplos a continuaci\u00f3n (tambi\u00e9n espa\u00f1oles): <em>Ya<\/em>\u00a0(peri\u00f3dico popular e influyente de la \u00e9poca franquista) y <em>Arriba <\/em>(peri\u00f3dico<span style=\"color: #252525\">\u00a0oficial de la Falange espa\u00f1ola), cuyo cambio radical en tapas pudo deberse a la propuesta de impacto o \u00e9nfasis dram\u00e1tico.<\/span><\/p>\n<div id=\"attachment_5149\" style=\"width: 215px\" class=\"wp-caption alignnone\"><a href=\"http:\/\/www.catedracosgaya.com.ar\/tipoblog\/2014\/wp-content\/uploads\/2014\/10\/DSCF3833.jpg\"><img loading=\"lazy\" decoding=\"async\" aria-describedby=\"caption-attachment-5149\" data-attachment-id=\"5149\" data-permalink=\"https:\/\/www.catedracosgaya.com.ar\/tipoblog\/2014\/consideraciones-generales-sobre-el-diseno-periodistico\/dscf3833\/\" data-orig-file=\"https:\/\/www.catedracosgaya.com.ar\/tipoblog\/2014\/wp-content\/uploads\/2014\/10\/DSCF3833.jpg\" data-orig-size=\"1788,2608\" data-comments-opened=\"0\" data-image-meta=\"{&quot;aperture&quot;:&quot;8&quot;,&quot;credit&quot;:&quot;&quot;,&quot;camera&quot;:&quot;FinePix A600&quot;,&quot;caption&quot;:&quot;&quot;,&quot;created_timestamp&quot;:&quot;1136073622&quot;,&quot;copyright&quot;:&quot;&quot;,&quot;focal_length&quot;:&quot;8&quot;,&quot;iso&quot;:&quot;100&quot;,&quot;shutter_speed&quot;:&quot;0.0166666666667&quot;,&quot;title&quot;:&quot;&quot;}\" data-image-title=\"DSCF3833\" data-image-description=\"\" data-image-caption=\"\" data-large-file=\"https:\/\/www.catedracosgaya.com.ar\/tipoblog\/2014\/wp-content\/uploads\/2014\/10\/DSCF3833-702x1024.jpg\" class=\"wp-image-5149 size-medium\" src=\"http:\/\/www.catedracosgaya.com.ar\/tipoblog\/2014\/wp-content\/uploads\/2014\/10\/DSCF3833-205x300.jpg\" alt=\"DSCF3833\" width=\"205\" height=\"300\" srcset=\"https:\/\/www.catedracosgaya.com.ar\/tipoblog\/2014\/wp-content\/uploads\/2014\/10\/DSCF3833-205x300.jpg 205w, https:\/\/www.catedracosgaya.com.ar\/tipoblog\/2014\/wp-content\/uploads\/2014\/10\/DSCF3833-702x1024.jpg 702w, https:\/\/www.catedracosgaya.com.ar\/tipoblog\/2014\/wp-content\/uploads\/2014\/10\/DSCF3833.jpg 1788w\" sizes=\"auto, (max-width: 205px) 100vw, 205px\" \/><\/a><p id=\"caption-attachment-5149\" class=\"wp-caption-text\">Ya &#8211; 1940<\/p><\/div>\n<div id=\"attachment_5150\" style=\"width: 209px\" class=\"wp-caption alignnone\"><a href=\"http:\/\/www.catedracosgaya.com.ar\/tipoblog\/2014\/wp-content\/uploads\/2014\/10\/ya-sobre-peron.jpg\"><img loading=\"lazy\" decoding=\"async\" aria-describedby=\"caption-attachment-5150\" data-attachment-id=\"5150\" data-permalink=\"https:\/\/www.catedracosgaya.com.ar\/tipoblog\/2014\/consideraciones-generales-sobre-el-diseno-periodistico\/ya-sobre-peron\/\" data-orig-file=\"https:\/\/www.catedracosgaya.com.ar\/tipoblog\/2014\/wp-content\/uploads\/2014\/10\/ya-sobre-peron.jpg\" data-orig-size=\"514,774\" data-comments-opened=\"0\" data-image-meta=\"{&quot;aperture&quot;:&quot;0&quot;,&quot;credit&quot;:&quot;&quot;,&quot;camera&quot;:&quot;&quot;,&quot;caption&quot;:&quot;&quot;,&quot;created_timestamp&quot;:&quot;0&quot;,&quot;copyright&quot;:&quot;&quot;,&quot;focal_length&quot;:&quot;0&quot;,&quot;iso&quot;:&quot;0&quot;,&quot;shutter_speed&quot;:&quot;0&quot;,&quot;title&quot;:&quot;&quot;}\" data-image-title=\"ya sobre peron\" data-image-description=\"\" data-image-caption=\"\" data-large-file=\"https:\/\/www.catedracosgaya.com.ar\/tipoblog\/2014\/wp-content\/uploads\/2014\/10\/ya-sobre-peron.jpg\" class=\"wp-image-5150 size-medium\" src=\"http:\/\/www.catedracosgaya.com.ar\/tipoblog\/2014\/wp-content\/uploads\/2014\/10\/ya-sobre-peron-199x300.jpg\" alt=\"ya sobre peron\" width=\"199\" height=\"300\" srcset=\"https:\/\/www.catedracosgaya.com.ar\/tipoblog\/2014\/wp-content\/uploads\/2014\/10\/ya-sobre-peron-199x300.jpg 199w, https:\/\/www.catedracosgaya.com.ar\/tipoblog\/2014\/wp-content\/uploads\/2014\/10\/ya-sobre-peron.jpg 514w\" sizes=\"auto, (max-width: 199px) 100vw, 199px\" \/><\/a><p id=\"caption-attachment-5150\" class=\"wp-caption-text\">Ya &#8211; 1974<\/p><\/div>\n<p>Como se visualiza, la decisi\u00f3n de romper con la l\u00f3gica compositiva, no s\u00f3lo responde a una evoluci\u00f3n gradual que ayuda a optimizar la comunicaci\u00f3n, sino tambi\u00e9n a la b\u00fasqueda est\u00e9tica de la presentaci\u00f3n de una noticia. En el peri\u00f3dico de 1940, imagen y tipograf\u00eda compiten a tal punto de no encontrar\u00a0un anclaje visual fuertemente marcado. En cambio, en el de\u00a01974, la decisi\u00f3n es contundente: la imagen de Per\u00f3n y el nombre del peri\u00f3dico reforzado con el recurso de una placa. El anclaje tipogr\u00e1fico es enteramente secundario.<\/p>\n<div id=\"attachment_5152\" style=\"width: 216px\" class=\"wp-caption alignnone\"><a href=\"http:\/\/www.catedracosgaya.com.ar\/tipoblog\/2014\/wp-content\/uploads\/2014\/10\/DSCF3834.jpg\"><img loading=\"lazy\" decoding=\"async\" aria-describedby=\"caption-attachment-5152\" data-attachment-id=\"5152\" data-permalink=\"https:\/\/www.catedracosgaya.com.ar\/tipoblog\/2014\/consideraciones-generales-sobre-el-diseno-periodistico\/dscf3834\/\" data-orig-file=\"https:\/\/www.catedracosgaya.com.ar\/tipoblog\/2014\/wp-content\/uploads\/2014\/10\/DSCF3834.jpg\" data-orig-size=\"1788,2596\" data-comments-opened=\"0\" data-image-meta=\"{&quot;aperture&quot;:&quot;8&quot;,&quot;credit&quot;:&quot;&quot;,&quot;camera&quot;:&quot;FinePix A600&quot;,&quot;caption&quot;:&quot;&quot;,&quot;created_timestamp&quot;:&quot;1136073659&quot;,&quot;copyright&quot;:&quot;&quot;,&quot;focal_length&quot;:&quot;8&quot;,&quot;iso&quot;:&quot;100&quot;,&quot;shutter_speed&quot;:&quot;0.0166666666667&quot;,&quot;title&quot;:&quot;&quot;}\" data-image-title=\"DSCF3834\" data-image-description=\"\" data-image-caption=\"&lt;p&gt;Arriba &amp;#8211; 1940&lt;\/p&gt;\n\" data-large-file=\"https:\/\/www.catedracosgaya.com.ar\/tipoblog\/2014\/wp-content\/uploads\/2014\/10\/DSCF3834-705x1024.jpg\" class=\"size-medium wp-image-5152\" src=\"http:\/\/www.catedracosgaya.com.ar\/tipoblog\/2014\/wp-content\/uploads\/2014\/10\/DSCF3834-206x300.jpg\" alt=\"Arriba - 1940\" width=\"206\" height=\"300\" srcset=\"https:\/\/www.catedracosgaya.com.ar\/tipoblog\/2014\/wp-content\/uploads\/2014\/10\/DSCF3834-206x300.jpg 206w, https:\/\/www.catedracosgaya.com.ar\/tipoblog\/2014\/wp-content\/uploads\/2014\/10\/DSCF3834-705x1024.jpg 705w, https:\/\/www.catedracosgaya.com.ar\/tipoblog\/2014\/wp-content\/uploads\/2014\/10\/DSCF3834-228x331.jpg 228w, https:\/\/www.catedracosgaya.com.ar\/tipoblog\/2014\/wp-content\/uploads\/2014\/10\/DSCF3834.jpg 1788w\" sizes=\"auto, (max-width: 206px) 100vw, 206px\" \/><\/a><p id=\"caption-attachment-5152\" class=\"wp-caption-text\">Arriba &#8211; 1940<\/p><\/div>\n<div id=\"attachment_5153\" style=\"width: 200px\" class=\"wp-caption alignnone\"><a href=\"http:\/\/www.catedracosgaya.com.ar\/tipoblog\/2014\/wp-content\/uploads\/2014\/10\/arriba-ha-muerto-peron.jpg\"><img loading=\"lazy\" decoding=\"async\" aria-describedby=\"caption-attachment-5153\" data-attachment-id=\"5153\" data-permalink=\"https:\/\/www.catedracosgaya.com.ar\/tipoblog\/2014\/consideraciones-generales-sobre-el-diseno-periodistico\/arriba-ha-muerto-peron\/\" data-orig-file=\"https:\/\/www.catedracosgaya.com.ar\/tipoblog\/2014\/wp-content\/uploads\/2014\/10\/arriba-ha-muerto-peron.jpg\" data-orig-size=\"498,783\" data-comments-opened=\"0\" data-image-meta=\"{&quot;aperture&quot;:&quot;0&quot;,&quot;credit&quot;:&quot;&quot;,&quot;camera&quot;:&quot;&quot;,&quot;caption&quot;:&quot;&quot;,&quot;created_timestamp&quot;:&quot;0&quot;,&quot;copyright&quot;:&quot;&quot;,&quot;focal_length&quot;:&quot;0&quot;,&quot;iso&quot;:&quot;0&quot;,&quot;shutter_speed&quot;:&quot;0&quot;,&quot;title&quot;:&quot;&quot;}\" data-image-title=\"arriba ha muerto peron\" data-image-description=\"\" data-image-caption=\"&lt;p&gt;Arriba &amp;#8211; 1974&lt;\/p&gt;\n\" data-large-file=\"https:\/\/www.catedracosgaya.com.ar\/tipoblog\/2014\/wp-content\/uploads\/2014\/10\/arriba-ha-muerto-peron.jpg\" class=\"size-medium wp-image-5153\" src=\"http:\/\/www.catedracosgaya.com.ar\/tipoblog\/2014\/wp-content\/uploads\/2014\/10\/arriba-ha-muerto-peron-190x300.jpg\" alt=\"Arriba - 1974\" width=\"190\" height=\"300\" srcset=\"https:\/\/www.catedracosgaya.com.ar\/tipoblog\/2014\/wp-content\/uploads\/2014\/10\/arriba-ha-muerto-peron-190x300.jpg 190w, https:\/\/www.catedracosgaya.com.ar\/tipoblog\/2014\/wp-content\/uploads\/2014\/10\/arriba-ha-muerto-peron.jpg 498w\" sizes=\"auto, (max-width: 190px) 100vw, 190px\" \/><\/a><p id=\"caption-attachment-5153\" class=\"wp-caption-text\">Arriba &#8211; 1974<\/p><\/div>\n<p>Estos dos casos con la misma noticia pero del peri\u00f3dico <em>Arriba<\/em>, a gruesa vista apelan a\u00a0propuestas muy similares. Sin embargo, a criterio personal, resultan mejores a nivel comunicacional por lo siguiente: en el ejemplo de 1940, el t\u00edtulo principal se refuerza con las im\u00e1genes. El anclaje es bastante claro, ya que prescindi\u00f3\u00a0del agregado de otras im\u00e1genes\u00a0que pudiesen llegar a generar alg\u00fan tipo de caos\u00a0visual. Y el caso de la tapa de 1974, si bien mantiene un parecido con la tapa de <em>Ya,<\/em>\u00a0se observa la decisi\u00f3n (no menor y no menos<em><strong> importante<\/strong><\/em>) de relegar la firma del enunciador abajo a la derecha,\u00a0por considerar <strong><em>urgente<\/em><\/strong> informar sobre \u00e9se hecho en particular.<\/p>\n<p><strong><em>Lo importante y lo urgente<\/em><\/strong><\/p>\n<p>A nivel comunicacional, el factor tipogr\u00e1fico puede plasmar\u00a0la esencia misma de la noticia. Tal vez el riesgo sea perder el c\u00f3digo de la pieza, en ese caso, los l\u00edmites pueden excederse por una imperiosa necesidad.\u00a0En los siguientes ejemplos del diario <em>Clar\u00edn<\/em> (alguno que otro un tanto desafortunado&#8230;) se puede visualizar lo expuesto. El caso m\u00e1s interesante por jugar al l\u00edmite en tanto propuesta visual, es el tercero (Malvinas), ya que hace utilizaci\u00f3n de l\u00edneas informativas en crudo y escuetas cual telegrama.\u00a0Lo importante y lo urgente tambi\u00e9n puede visualizarse en el grado de protagonismo que se le confiere al nombre del peri\u00f3dico ya que, en caso de quedar relegado a un nivel de lectura menor respecto de la noticia principal, podr\u00eda considerase que de esta manera se erige como \u00abservicio informativo\u00bb. Y si lo comparamos (salvando las enormes distancias) con un <em>Clar\u00edn<\/em>\u00a0\u00abactual\u00bb observaremos otros elementos que hoy d\u00eda inciden y responden m\u00e1s a\u00a0la construcci\u00f3n de \u00abmarca\u00bb que a un servicio de informaci\u00f3n.<\/p>\n<div id=\"attachment_5154\" style=\"width: 229px\" class=\"wp-caption alignnone\"><a href=\"http:\/\/www.catedracosgaya.com.ar\/tipoblog\/2014\/wp-content\/uploads\/2014\/10\/DSCF3913.jpg\"><img loading=\"lazy\" decoding=\"async\" aria-describedby=\"caption-attachment-5154\" data-attachment-id=\"5154\" data-permalink=\"https:\/\/www.catedracosgaya.com.ar\/tipoblog\/2014\/consideraciones-generales-sobre-el-diseno-periodistico\/dscf3913\/\" data-orig-file=\"https:\/\/www.catedracosgaya.com.ar\/tipoblog\/2014\/wp-content\/uploads\/2014\/10\/DSCF3913.jpg\" data-orig-size=\"1532,2096\" data-comments-opened=\"0\" data-image-meta=\"{&quot;aperture&quot;:&quot;8&quot;,&quot;credit&quot;:&quot;&quot;,&quot;camera&quot;:&quot;FinePix A600&quot;,&quot;caption&quot;:&quot;&quot;,&quot;created_timestamp&quot;:&quot;1136073614&quot;,&quot;copyright&quot;:&quot;&quot;,&quot;focal_length&quot;:&quot;8&quot;,&quot;iso&quot;:&quot;100&quot;,&quot;shutter_speed&quot;:&quot;0.0666666666667&quot;,&quot;title&quot;:&quot;&quot;}\" data-image-title=\"DSCF3913\" data-image-description=\"\" data-image-caption=\"\" data-large-file=\"https:\/\/www.catedracosgaya.com.ar\/tipoblog\/2014\/wp-content\/uploads\/2014\/10\/DSCF3913-748x1024.jpg\" class=\"wp-image-5154 size-medium\" src=\"http:\/\/www.catedracosgaya.com.ar\/tipoblog\/2014\/wp-content\/uploads\/2014\/10\/DSCF3913-219x300.jpg\" alt=\"DSCF3913\" width=\"219\" height=\"300\" srcset=\"https:\/\/www.catedracosgaya.com.ar\/tipoblog\/2014\/wp-content\/uploads\/2014\/10\/DSCF3913-219x300.jpg 219w, https:\/\/www.catedracosgaya.com.ar\/tipoblog\/2014\/wp-content\/uploads\/2014\/10\/DSCF3913-748x1024.jpg 748w, https:\/\/www.catedracosgaya.com.ar\/tipoblog\/2014\/wp-content\/uploads\/2014\/10\/DSCF3913.jpg 1532w\" sizes=\"auto, (max-width: 219px) 100vw, 219px\" \/><\/a><p id=\"caption-attachment-5154\" class=\"wp-caption-text\">Clar\u00edn &#8211; 1973<\/p><\/div>\n<div id=\"attachment_5155\" style=\"width: 231px\" class=\"wp-caption alignnone\"><a href=\"http:\/\/www.catedracosgaya.com.ar\/tipoblog\/2014\/wp-content\/uploads\/2014\/10\/DSCF3915.jpg\"><img loading=\"lazy\" decoding=\"async\" aria-describedby=\"caption-attachment-5155\" data-attachment-id=\"5155\" data-permalink=\"https:\/\/www.catedracosgaya.com.ar\/tipoblog\/2014\/consideraciones-generales-sobre-el-diseno-periodistico\/dscf3915\/\" data-orig-file=\"https:\/\/www.catedracosgaya.com.ar\/tipoblog\/2014\/wp-content\/uploads\/2014\/10\/DSCF3915.jpg\" data-orig-size=\"1576,2131\" data-comments-opened=\"0\" data-image-meta=\"{&quot;aperture&quot;:&quot;8&quot;,&quot;credit&quot;:&quot;&quot;,&quot;camera&quot;:&quot;FinePix A600&quot;,&quot;caption&quot;:&quot;&quot;,&quot;created_timestamp&quot;:&quot;1136073646&quot;,&quot;copyright&quot;:&quot;&quot;,&quot;focal_length&quot;:&quot;8&quot;,&quot;iso&quot;:&quot;100&quot;,&quot;shutter_speed&quot;:&quot;0.0666666666667&quot;,&quot;title&quot;:&quot;&quot;}\" data-image-title=\"DSCF3915\" data-image-description=\"\" data-image-caption=\"\" data-large-file=\"https:\/\/www.catedracosgaya.com.ar\/tipoblog\/2014\/wp-content\/uploads\/2014\/10\/DSCF3915-757x1024.jpg\" class=\"wp-image-5155 size-medium\" src=\"http:\/\/www.catedracosgaya.com.ar\/tipoblog\/2014\/wp-content\/uploads\/2014\/10\/DSCF3915-221x300.jpg\" alt=\"DSCF3915\" width=\"221\" height=\"300\" srcset=\"https:\/\/www.catedracosgaya.com.ar\/tipoblog\/2014\/wp-content\/uploads\/2014\/10\/DSCF3915-221x300.jpg 221w, https:\/\/www.catedracosgaya.com.ar\/tipoblog\/2014\/wp-content\/uploads\/2014\/10\/DSCF3915-757x1024.jpg 757w, https:\/\/www.catedracosgaya.com.ar\/tipoblog\/2014\/wp-content\/uploads\/2014\/10\/DSCF3915.jpg 1576w\" sizes=\"auto, (max-width: 221px) 100vw, 221px\" \/><\/a><p id=\"caption-attachment-5155\" class=\"wp-caption-text\">Clar\u00edn &#8211; 1976<\/p><\/div>\n<div id=\"attachment_5156\" style=\"width: 227px\" class=\"wp-caption alignnone\"><a href=\"http:\/\/www.catedracosgaya.com.ar\/tipoblog\/2014\/wp-content\/uploads\/2014\/10\/DSCF3917.jpg\"><img loading=\"lazy\" decoding=\"async\" aria-describedby=\"caption-attachment-5156\" data-attachment-id=\"5156\" data-permalink=\"https:\/\/www.catedracosgaya.com.ar\/tipoblog\/2014\/consideraciones-generales-sobre-el-diseno-periodistico\/dscf3917\/\" data-orig-file=\"https:\/\/www.catedracosgaya.com.ar\/tipoblog\/2014\/wp-content\/uploads\/2014\/10\/DSCF3917.jpg\" data-orig-size=\"1584,2188\" data-comments-opened=\"0\" data-image-meta=\"{&quot;aperture&quot;:&quot;8&quot;,&quot;credit&quot;:&quot;&quot;,&quot;camera&quot;:&quot;FinePix A600&quot;,&quot;caption&quot;:&quot;&quot;,&quot;created_timestamp&quot;:&quot;1136073674&quot;,&quot;copyright&quot;:&quot;&quot;,&quot;focal_length&quot;:&quot;8&quot;,&quot;iso&quot;:&quot;100&quot;,&quot;shutter_speed&quot;:&quot;0.0666666666667&quot;,&quot;title&quot;:&quot;&quot;}\" data-image-title=\"DSCF3917\" data-image-description=\"\" data-image-caption=\"\" data-large-file=\"https:\/\/www.catedracosgaya.com.ar\/tipoblog\/2014\/wp-content\/uploads\/2014\/10\/DSCF3917-741x1024.jpg\" class=\"wp-image-5156 size-medium\" src=\"http:\/\/www.catedracosgaya.com.ar\/tipoblog\/2014\/wp-content\/uploads\/2014\/10\/DSCF3917-217x300.jpg\" alt=\"DSCF3917\" width=\"217\" height=\"300\" srcset=\"https:\/\/www.catedracosgaya.com.ar\/tipoblog\/2014\/wp-content\/uploads\/2014\/10\/DSCF3917-217x300.jpg 217w, https:\/\/www.catedracosgaya.com.ar\/tipoblog\/2014\/wp-content\/uploads\/2014\/10\/DSCF3917-741x1024.jpg 741w, https:\/\/www.catedracosgaya.com.ar\/tipoblog\/2014\/wp-content\/uploads\/2014\/10\/DSCF3917.jpg 1584w\" sizes=\"auto, (max-width: 217px) 100vw, 217px\" \/><\/a><p id=\"caption-attachment-5156\" class=\"wp-caption-text\">Clar\u00edn &#8211; 1982<\/p><\/div>\n<p><strong><em>Sobre el impacto<\/em><\/strong><\/p>\n<p>Finalmente, me interes\u00f3 la comparativa de estas dos tapas, expresiones de dolor ambas, con mismas miscel\u00e1neas, pero con resultados\u00a0diferentes.\u00a0C\u00f3mo se logra un impacto inquebrantable con el uso de una fuente condensada, un simple verbo que delata el hecho com\u00fan m\u00e1s reciente de aquel momento prescindiendo absolutamente de cualquier otro agregado de signos. La s\u00edntesis visual expuesta en la tapa de <em>Cr\u00f3nica<\/em>, ya deja de ser primordialmente informativa y pasa a hacer carne el drama. La sensaci\u00f3n.<br \/>\nY s\u00ed, s\u00f3lo\u00a0la tipograf\u00eda, lo ha\u00a0logrado\u00a0una vez m\u00e1s.<\/p>\n<div id=\"attachment_5159\" style=\"width: 202px\" class=\"wp-caption alignnone\"><a href=\"http:\/\/www.catedracosgaya.com.ar\/tipoblog\/2014\/wp-content\/uploads\/2014\/10\/domingo-27-de-julio-de-1952-muerte-de-evita.jpg\"><img loading=\"lazy\" decoding=\"async\" aria-describedby=\"caption-attachment-5159\" data-attachment-id=\"5159\" data-permalink=\"https:\/\/www.catedracosgaya.com.ar\/tipoblog\/2014\/consideraciones-generales-sobre-el-diseno-periodistico\/domingo-27-de-julio-de-1952-muerte-de-evita\/\" data-orig-file=\"https:\/\/www.catedracosgaya.com.ar\/tipoblog\/2014\/wp-content\/uploads\/2014\/10\/domingo-27-de-julio-de-1952-muerte-de-evita.jpg\" data-orig-size=\"1026,1600\" data-comments-opened=\"0\" data-image-meta=\"{&quot;aperture&quot;:&quot;0&quot;,&quot;credit&quot;:&quot;&quot;,&quot;camera&quot;:&quot;&quot;,&quot;caption&quot;:&quot;&quot;,&quot;created_timestamp&quot;:&quot;0&quot;,&quot;copyright&quot;:&quot;&quot;,&quot;focal_length&quot;:&quot;0&quot;,&quot;iso&quot;:&quot;0&quot;,&quot;shutter_speed&quot;:&quot;0&quot;,&quot;title&quot;:&quot;&quot;}\" data-image-title=\"domingo 27 de julio de 1952 muerte de evita\" data-image-description=\"\" data-image-caption=\"\" data-large-file=\"https:\/\/www.catedracosgaya.com.ar\/tipoblog\/2014\/wp-content\/uploads\/2014\/10\/domingo-27-de-julio-de-1952-muerte-de-evita-656x1024.jpg\" class=\"wp-image-5159 size-medium\" src=\"http:\/\/www.catedracosgaya.com.ar\/tipoblog\/2014\/wp-content\/uploads\/2014\/10\/domingo-27-de-julio-de-1952-muerte-de-evita-192x300.jpg\" alt=\"domingo 27 de julio de 1952 muerte de evita\" width=\"192\" height=\"300\" srcset=\"https:\/\/www.catedracosgaya.com.ar\/tipoblog\/2014\/wp-content\/uploads\/2014\/10\/domingo-27-de-julio-de-1952-muerte-de-evita-192x300.jpg 192w, https:\/\/www.catedracosgaya.com.ar\/tipoblog\/2014\/wp-content\/uploads\/2014\/10\/domingo-27-de-julio-de-1952-muerte-de-evita-656x1024.jpg 656w, https:\/\/www.catedracosgaya.com.ar\/tipoblog\/2014\/wp-content\/uploads\/2014\/10\/domingo-27-de-julio-de-1952-muerte-de-evita.jpg 1026w\" sizes=\"auto, (max-width: 192px) 100vw, 192px\" \/><\/a><p id=\"caption-attachment-5159\" class=\"wp-caption-text\">Democracia &#8211; 1952<\/p><\/div>\n<div id=\"attachment_5160\" style=\"width: 229px\" class=\"wp-caption alignnone\"><a href=\"http:\/\/www.catedracosgaya.com.ar\/tipoblog\/2014\/wp-content\/uploads\/2014\/10\/cronica-anuncia-muerte-de-per\u00f3n.jpg\"><img loading=\"lazy\" decoding=\"async\" aria-describedby=\"caption-attachment-5160\" data-attachment-id=\"5160\" data-permalink=\"https:\/\/www.catedracosgaya.com.ar\/tipoblog\/2014\/consideraciones-generales-sobre-el-diseno-periodistico\/cronica-anuncia-muerte-de-peron\/\" data-orig-file=\"https:\/\/www.catedracosgaya.com.ar\/tipoblog\/2014\/wp-content\/uploads\/2014\/10\/cronica-anuncia-muerte-de-per\u00f3n.jpg\" data-orig-size=\"837,1142\" data-comments-opened=\"0\" data-image-meta=\"{&quot;aperture&quot;:&quot;0&quot;,&quot;credit&quot;:&quot;&quot;,&quot;camera&quot;:&quot;&quot;,&quot;caption&quot;:&quot;&quot;,&quot;created_timestamp&quot;:&quot;0&quot;,&quot;copyright&quot;:&quot;&quot;,&quot;focal_length&quot;:&quot;0&quot;,&quot;iso&quot;:&quot;0&quot;,&quot;shutter_speed&quot;:&quot;0&quot;,&quot;title&quot;:&quot;&quot;}\" data-image-title=\"cronica anuncia muerte de per\u00f3n\" data-image-description=\"\" data-image-caption=\"&lt;p&gt;Cr\u00f3nica anuncia la muerte de Per\u00f3n&lt;\/p&gt;\n\" data-large-file=\"https:\/\/www.catedracosgaya.com.ar\/tipoblog\/2014\/wp-content\/uploads\/2014\/10\/cronica-anuncia-muerte-de-per\u00f3n-750x1024.jpg\" class=\"wp-image-5160 size-medium\" src=\"http:\/\/www.catedracosgaya.com.ar\/tipoblog\/2014\/wp-content\/uploads\/2014\/10\/cronica-anuncia-muerte-de-per\u00f3n-219x300.jpg\" alt=\"cronica anuncia muerte de per\u00f3n\" width=\"219\" height=\"300\" srcset=\"https:\/\/www.catedracosgaya.com.ar\/tipoblog\/2014\/wp-content\/uploads\/2014\/10\/cronica-anuncia-muerte-de-per\u00f3n-219x300.jpg 219w, https:\/\/www.catedracosgaya.com.ar\/tipoblog\/2014\/wp-content\/uploads\/2014\/10\/cronica-anuncia-muerte-de-per\u00f3n-750x1024.jpg 750w, https:\/\/www.catedracosgaya.com.ar\/tipoblog\/2014\/wp-content\/uploads\/2014\/10\/cronica-anuncia-muerte-de-per\u00f3n.jpg 837w\" sizes=\"auto, (max-width: 219px) 100vw, 219px\" \/><\/a><p id=\"caption-attachment-5160\" class=\"wp-caption-text\">Cr\u00f3nica &#8211; 1974<\/p><\/div>\n<p>&nbsp;<\/p>\n<p><strong><em>Link:<\/em><\/strong><\/p>\n<p><em>http:\/\/www.portalcomunicacion.com\/lecciones_det.asp?id=7<\/em><\/p>\n<p><em><strong>Documentos:<\/strong><\/em><\/p>\n<ul>\n<li>Grandes Hechos del Siglo XX &#8211; Clar\u00edn<\/li>\n<li>Los Hechos Pol\u00edticos del Siglo XX &#8211; Hyspamerica<\/li>\n<\/ul>\n<p>&nbsp;<\/p>\n<p>&nbsp;<\/p>\n","protected":false},"excerpt":{"rendered":"<p>C\u00f3mo impacta la variaci\u00f3n de los elementos constitutivos en las tapas de las piezas peri\u00f3dicas y qu\u00e9 efecto produce la primac\u00eda tipogr\u00e1fica a nivel comunicacional. <\/p>\n","protected":false},"author":318,"featured_media":5160,"comment_status":"closed","ping_status":"closed","sticky":false,"template":"","format":"standard","meta":{"jetpack_post_was_ever_published":false,"_jetpack_newsletter_access":"","_jetpack_dont_email_post_to_subs":false,"_jetpack_newsletter_tier_id":0,"_jetpack_memberships_contains_paywalled_content":false,"_jetpack_memberships_contains_paid_content":false,"footnotes":""},"categories":[5],"tags":[174,176,219,144,253,42],"class_list":["post-5105","post","type-post","status-publish","format-standard","has-post-thumbnail","hentry","category-periodico","tag-comunicacion","tag-diseno-de-tapa","tag-informacion","tag-jerarquias","tag-periodico-2","tag-tipografia"],"jetpack_featured_media_url":"https:\/\/www.catedracosgaya.com.ar\/tipoblog\/2014\/wp-content\/uploads\/2014\/10\/cronica-anuncia-muerte-de-per\u00f3n.jpg","jetpack_shortlink":"https:\/\/wp.me\/p4rrRH-1kl","jetpack_sharing_enabled":true,"_links":{"self":[{"href":"https:\/\/www.catedracosgaya.com.ar\/tipoblog\/2014\/wp-json\/wp\/v2\/posts\/5105","targetHints":{"allow":["GET"]}}],"collection":[{"href":"https:\/\/www.catedracosgaya.com.ar\/tipoblog\/2014\/wp-json\/wp\/v2\/posts"}],"about":[{"href":"https:\/\/www.catedracosgaya.com.ar\/tipoblog\/2014\/wp-json\/wp\/v2\/types\/post"}],"author":[{"embeddable":true,"href":"https:\/\/www.catedracosgaya.com.ar\/tipoblog\/2014\/wp-json\/wp\/v2\/users\/318"}],"replies":[{"embeddable":true,"href":"https:\/\/www.catedracosgaya.com.ar\/tipoblog\/2014\/wp-json\/wp\/v2\/comments?post=5105"}],"version-history":[{"count":16,"href":"https:\/\/www.catedracosgaya.com.ar\/tipoblog\/2014\/wp-json\/wp\/v2\/posts\/5105\/revisions"}],"predecessor-version":[{"id":5167,"href":"https:\/\/www.catedracosgaya.com.ar\/tipoblog\/2014\/wp-json\/wp\/v2\/posts\/5105\/revisions\/5167"}],"wp:featuredmedia":[{"embeddable":true,"href":"https:\/\/www.catedracosgaya.com.ar\/tipoblog\/2014\/wp-json\/wp\/v2\/media\/5160"}],"wp:attachment":[{"href":"https:\/\/www.catedracosgaya.com.ar\/tipoblog\/2014\/wp-json\/wp\/v2\/media?parent=5105"}],"wp:term":[{"taxonomy":"category","embeddable":true,"href":"https:\/\/www.catedracosgaya.com.ar\/tipoblog\/2014\/wp-json\/wp\/v2\/categories?post=5105"},{"taxonomy":"post_tag","embeddable":true,"href":"https:\/\/www.catedracosgaya.com.ar\/tipoblog\/2014\/wp-json\/wp\/v2\/tags?post=5105"}],"curies":[{"name":"wp","href":"https:\/\/api.w.org\/{rel}","templated":true}]}}