{"id":4991,"date":"2014-09-29T22:45:56","date_gmt":"2014-09-29T22:45:56","guid":{"rendered":"http:\/\/www.catedracosgaya.com.ar\/tipoblog\/2014\/?p=4991"},"modified":"2014-09-30T01:45:30","modified_gmt":"2014-09-30T01:45:30","slug":"canillita","status":"publish","type":"post","link":"https:\/\/www.catedracosgaya.com.ar\/tipoblog\/2014\/canillita\/","title":{"rendered":"\u00a1Prensa, Naci\u00f3n y Argentina, gritan los pibes de esquina a esquina!"},"content":{"rendered":"<p><a href=\"http:\/\/www.catedracosgaya.com.ar\/tipoblog\/2014\/wp-content\/uploads\/2014\/09\/Puesto_de_diarios_y_revista._Ano_1941._El_canillita_con_medias_tres_cuartos_saco_y_corbata.jpg\" target=\"_blank\"><img loading=\"lazy\" decoding=\"async\" data-attachment-id=\"5012\" data-permalink=\"https:\/\/www.catedracosgaya.com.ar\/tipoblog\/2014\/canillita\/puesto_de_diarios_y_revista-_ano_1941-_el_canillita_con_medias_tres_cuartos_saco_y_corbata\/\" data-orig-file=\"https:\/\/www.catedracosgaya.com.ar\/tipoblog\/2014\/wp-content\/uploads\/2014\/09\/Puesto_de_diarios_y_revista._Ano_1941._El_canillita_con_medias_tres_cuartos_saco_y_corbata.jpg\" data-orig-size=\"400,339\" data-comments-opened=\"0\" data-image-meta=\"{&quot;aperture&quot;:&quot;0&quot;,&quot;credit&quot;:&quot;&quot;,&quot;camera&quot;:&quot;&quot;,&quot;caption&quot;:&quot;&quot;,&quot;created_timestamp&quot;:&quot;0&quot;,&quot;copyright&quot;:&quot;&quot;,&quot;focal_length&quot;:&quot;0&quot;,&quot;iso&quot;:&quot;0&quot;,&quot;shutter_speed&quot;:&quot;0&quot;,&quot;title&quot;:&quot;&quot;}\" data-image-title=\"Canillita\" data-image-description=\"\" data-image-caption=\"\" data-large-file=\"https:\/\/www.catedracosgaya.com.ar\/tipoblog\/2014\/wp-content\/uploads\/2014\/09\/Puesto_de_diarios_y_revista._Ano_1941._El_canillita_con_medias_tres_cuartos_saco_y_corbata.jpg\" class=\"alignnone wp-image-5012 size-full\" src=\"http:\/\/www.catedracosgaya.com.ar\/tipoblog\/2014\/wp-content\/uploads\/2014\/09\/Puesto_de_diarios_y_revista._Ano_1941._El_canillita_con_medias_tres_cuartos_saco_y_corbata.jpg\" alt=\"Canillita\" width=\"400\" height=\"339\" srcset=\"https:\/\/www.catedracosgaya.com.ar\/tipoblog\/2014\/wp-content\/uploads\/2014\/09\/Puesto_de_diarios_y_revista._Ano_1941._El_canillita_con_medias_tres_cuartos_saco_y_corbata.jpg 400w, https:\/\/www.catedracosgaya.com.ar\/tipoblog\/2014\/wp-content\/uploads\/2014\/09\/Puesto_de_diarios_y_revista._Ano_1941._El_canillita_con_medias_tres_cuartos_saco_y_corbata-300x254.jpg 300w\" sizes=\"auto, (max-width: 400px) 100vw, 400px\" \/><\/a><\/p>\n<p><strong>El 1 de enero de 1898<\/strong> se escuch\u00f3 vocear <strong>en Rosario: \u00abCompre la Rep\u00fablica\u00bb, \u00abLa Rep\u00fablica a medio peso\u00bb<\/strong> asombrando a los transe\u00fantes de la ciudad y buscando generar la venta del nuevo diario, que ve\u00eda la luz ese mismo d\u00eda, cuyo fundador fu\u00e9 Lisandro de la Torre.<\/p>\n<p>De la Torre luego le cede la direcci\u00f3n del diario a <strong>Manuel Bilbao<\/strong>, y es a \u00e9l a quien se le ocurri\u00f3 esa forma de<strong> venta directa<\/strong> (a diferencia de la manera de vender propia de la \u00e9poca: Por correo, lo cual generaba muchas veces que el lector reciba el diario con atraso, a menos que se lo retirara personalmente por la imprenta)<br \/>\nA Bilbao se le ocurri\u00f3 que la <strong>venta ambulante<\/strong> ser\u00eda un buen negocio para la empresa <strong>(el chico cobraba menos que el correo) y el lector recibir\u00eda el diario en el acto y m\u00e1s barato.<\/strong><br \/>\n<strong>Tan grande fue el \u00e9xito, que la competencia copi\u00f3 el sistema de inmediato.<\/strong> Es as\u00ed como surgi\u00f3 un nuevo oficio, sin nombre todav\u00eda, conformado por ni\u00f1os y j\u00f3venes que gritaban por las calles la <strong>noticia fresca<\/strong>, con el fin de llevarse a su casa algunos centavos.<\/p>\n<p><a href=\"http:\/\/www.catedracosgaya.com.ar\/tipoblog\/2014\/wp-content\/uploads\/2014\/09\/DSC00896.jpg\" target=\"_blank\"><img loading=\"lazy\" decoding=\"async\" data-attachment-id=\"5000\" data-permalink=\"https:\/\/www.catedracosgaya.com.ar\/tipoblog\/2014\/canillita\/dsc00896\/\" data-orig-file=\"https:\/\/www.catedracosgaya.com.ar\/tipoblog\/2014\/wp-content\/uploads\/2014\/09\/DSC00896.jpg\" data-orig-size=\"308,400\" data-comments-opened=\"0\" data-image-meta=\"{&quot;aperture&quot;:&quot;0&quot;,&quot;credit&quot;:&quot;&quot;,&quot;camera&quot;:&quot;&quot;,&quot;caption&quot;:&quot;&quot;,&quot;created_timestamp&quot;:&quot;0&quot;,&quot;copyright&quot;:&quot;&quot;,&quot;focal_length&quot;:&quot;0&quot;,&quot;iso&quot;:&quot;0&quot;,&quot;shutter_speed&quot;:&quot;0&quot;,&quot;title&quot;:&quot;&quot;}\" data-image-title=\"DSC00896\" data-image-description=\"\" data-image-caption=\"\" data-large-file=\"https:\/\/www.catedracosgaya.com.ar\/tipoblog\/2014\/wp-content\/uploads\/2014\/09\/DSC00896.jpg\" class=\"alignnone wp-image-5000 size-medium\" src=\"http:\/\/www.catedracosgaya.com.ar\/tipoblog\/2014\/wp-content\/uploads\/2014\/09\/DSC00896-231x300.jpg\" alt=\"DSC00896\" width=\"231\" height=\"300\" srcset=\"https:\/\/www.catedracosgaya.com.ar\/tipoblog\/2014\/wp-content\/uploads\/2014\/09\/DSC00896-231x300.jpg 231w, https:\/\/www.catedracosgaya.com.ar\/tipoblog\/2014\/wp-content\/uploads\/2014\/09\/DSC00896.jpg 308w\" sizes=\"auto, (max-width: 231px) 100vw, 231px\" \/><\/a><br \/>\n<strong>Estos peque\u00f1os, por la<\/strong> <strong>miseria<\/strong> imperante de la \u00e9poca, <strong>trabajaban muchas horas<\/strong> y con fuerza de voluntad lograban generar frases o modos de vocear atractivos para los futuros clientes. <strong>Los m\u00e1s veteranos sab\u00edan cu\u00e1ndo comprar m\u00e1s diarios<\/strong>, en caso de que la noticia diera para m\u00e1s ventas. De todas maneras, si no lograban vender todas las tiradas, pod\u00edan devolverlas.<\/p>\n<p><a href=\"http:\/\/www.catedracosgaya.com.ar\/tipoblog\/2014\/wp-content\/uploads\/2014\/09\/El_96_su_recorrido_era_por_Monroe_Alvarez_Thomas_Rivera_Cordoba_Talcahuano_Alsina_y_Plaza_de_Mayo._Foto_de_la_esquina_de_Alsina_y_Defensa.jpg\" target=\"_blank\"><img loading=\"lazy\" decoding=\"async\" data-attachment-id=\"5003\" data-permalink=\"https:\/\/www.catedracosgaya.com.ar\/tipoblog\/2014\/canillita\/el_96_su_recorrido_era_por_monroe_alvarez_thomas_rivera_cordoba_talcahuano_alsina_y_plaza_de_mayo-_foto_de_la_esquina_de_alsina_y_defensa\/\" data-orig-file=\"https:\/\/www.catedracosgaya.com.ar\/tipoblog\/2014\/wp-content\/uploads\/2014\/09\/El_96_su_recorrido_era_por_Monroe_Alvarez_Thomas_Rivera_Cordoba_Talcahuano_Alsina_y_Plaza_de_Mayo._Foto_de_la_esquina_de_Alsina_y_Defensa.jpg\" data-orig-size=\"400,313\" data-comments-opened=\"0\" data-image-meta=\"{&quot;aperture&quot;:&quot;0&quot;,&quot;credit&quot;:&quot;&quot;,&quot;camera&quot;:&quot;&quot;,&quot;caption&quot;:&quot;&quot;,&quot;created_timestamp&quot;:&quot;0&quot;,&quot;copyright&quot;:&quot;&quot;,&quot;focal_length&quot;:&quot;0&quot;,&quot;iso&quot;:&quot;0&quot;,&quot;shutter_speed&quot;:&quot;0&quot;,&quot;title&quot;:&quot;&quot;}\" data-image-title=\"El_96_su_recorrido_era_por_Monroe_Alvarez_Thomas_Rivera_Cordoba_Talcahuano_Alsina_y_Plaza_de_Mayo._Foto_de_la_esquina_de_Alsina_y_Defensa\" data-image-description=\"\" data-image-caption=\"\" data-large-file=\"https:\/\/www.catedracosgaya.com.ar\/tipoblog\/2014\/wp-content\/uploads\/2014\/09\/El_96_su_recorrido_era_por_Monroe_Alvarez_Thomas_Rivera_Cordoba_Talcahuano_Alsina_y_Plaza_de_Mayo._Foto_de_la_esquina_de_Alsina_y_Defensa.jpg\" class=\"alignnone wp-image-5003 size-medium\" src=\"http:\/\/www.catedracosgaya.com.ar\/tipoblog\/2014\/wp-content\/uploads\/2014\/09\/El_96_su_recorrido_era_por_Monroe_Alvarez_Thomas_Rivera_Cordoba_Talcahuano_Alsina_y_Plaza_de_Mayo._Foto_de_la_esquina_de_Alsina_y_Defensa-300x234.jpg\" alt=\"El_96_su_recorrido_era_por_Monroe_Alvarez_Thomas_Rivera_Cordoba_Talcahuano_Alsina_y_Plaza_de_Mayo._Foto_de_la_esquina_de_Alsina_y_Defensa\" width=\"300\" height=\"234\" srcset=\"https:\/\/www.catedracosgaya.com.ar\/tipoblog\/2014\/wp-content\/uploads\/2014\/09\/El_96_su_recorrido_era_por_Monroe_Alvarez_Thomas_Rivera_Cordoba_Talcahuano_Alsina_y_Plaza_de_Mayo._Foto_de_la_esquina_de_Alsina_y_Defensa-300x234.jpg 300w, https:\/\/www.catedracosgaya.com.ar\/tipoblog\/2014\/wp-content\/uploads\/2014\/09\/El_96_su_recorrido_era_por_Monroe_Alvarez_Thomas_Rivera_Cordoba_Talcahuano_Alsina_y_Plaza_de_Mayo._Foto_de_la_esquina_de_Alsina_y_Defensa.jpg 400w\" sizes=\"auto, (max-width: 300px) 100vw, 300px\" \/><\/a><a href=\"http:\/\/www.catedracosgaya.com.ar\/tipoblog\/2014\/wp-content\/uploads\/2014\/09\/Llego_el_reparto._Foto_de_septiembre_de_1935._Los_canillitas_reciben_los_diarios_en_una_esquina_de_la_ciudad_y_comienza_la_venta.jpg\" target=\"_blank\"><img loading=\"lazy\" decoding=\"async\" data-attachment-id=\"5011\" data-permalink=\"https:\/\/www.catedracosgaya.com.ar\/tipoblog\/2014\/canillita\/llego_el_reparto-_foto_de_septiembre_de_1935-_los_canillitas_reciben_los_diarios_en_una_esquina_de_la_ciudad_y_comienza_la_venta\/\" data-orig-file=\"https:\/\/www.catedracosgaya.com.ar\/tipoblog\/2014\/wp-content\/uploads\/2014\/09\/Llego_el_reparto._Foto_de_septiembre_de_1935._Los_canillitas_reciben_los_diarios_en_una_esquina_de_la_ciudad_y_comienza_la_venta.jpg\" data-orig-size=\"400,290\" data-comments-opened=\"0\" data-image-meta=\"{&quot;aperture&quot;:&quot;0&quot;,&quot;credit&quot;:&quot;&quot;,&quot;camera&quot;:&quot;&quot;,&quot;caption&quot;:&quot;&quot;,&quot;created_timestamp&quot;:&quot;0&quot;,&quot;copyright&quot;:&quot;&quot;,&quot;focal_length&quot;:&quot;0&quot;,&quot;iso&quot;:&quot;0&quot;,&quot;shutter_speed&quot;:&quot;0&quot;,&quot;title&quot;:&quot;&quot;}\" data-image-title=\"Llego_el_reparto._Foto_de_septiembre_de_1935._Los_canillitas_reciben_los_diarios_en_una_esquina_de_la_ciudad_y_comienza_la_venta\" data-image-description=\"\" data-image-caption=\"\" data-large-file=\"https:\/\/www.catedracosgaya.com.ar\/tipoblog\/2014\/wp-content\/uploads\/2014\/09\/Llego_el_reparto._Foto_de_septiembre_de_1935._Los_canillitas_reciben_los_diarios_en_una_esquina_de_la_ciudad_y_comienza_la_venta.jpg\" class=\"alignnone wp-image-5011 size-medium\" src=\"http:\/\/www.catedracosgaya.com.ar\/tipoblog\/2014\/wp-content\/uploads\/2014\/09\/Llego_el_reparto._Foto_de_septiembre_de_1935._Los_canillitas_reciben_los_diarios_en_una_esquina_de_la_ciudad_y_comienza_la_venta-300x217.jpg\" alt=\"Llego_el_reparto._Foto_de_septiembre_de_1935._Los_canillitas_reciben_los_diarios_en_una_esquina_de_la_ciudad_y_comienza_la_venta\" width=\"300\" height=\"217\" srcset=\"https:\/\/www.catedracosgaya.com.ar\/tipoblog\/2014\/wp-content\/uploads\/2014\/09\/Llego_el_reparto._Foto_de_septiembre_de_1935._Los_canillitas_reciben_los_diarios_en_una_esquina_de_la_ciudad_y_comienza_la_venta-300x217.jpg 300w, https:\/\/www.catedracosgaya.com.ar\/tipoblog\/2014\/wp-content\/uploads\/2014\/09\/Llego_el_reparto._Foto_de_septiembre_de_1935._Los_canillitas_reciben_los_diarios_en_una_esquina_de_la_ciudad_y_comienza_la_venta.jpg 400w\" sizes=\"auto, (max-width: 300px) 100vw, 300px\" \/><\/a><\/p>\n<p>Para acortar el recorrido y llegar antes, los chicos viajaban colgados de la parte trasera de los tranv\u00edas: trep\u00e1ndose, llegaban r\u00e1pido al centro, donde a la salida del teatro y del cabaret las ventas se multiplicaban.<\/p>\n<p><a href=\"http:\/\/www.catedracosgaya.com.ar\/tipoblog\/2014\/wp-content\/uploads\/2014\/09\/El_salvavidas_que_utilizaban_los_tranvias.jpg\" target=\"_blank\"><img loading=\"lazy\" decoding=\"async\" data-attachment-id=\"5005\" data-permalink=\"https:\/\/www.catedracosgaya.com.ar\/tipoblog\/2014\/canillita\/el_salvavidas_que_utilizaban_los_tranvias\/\" data-orig-file=\"https:\/\/www.catedracosgaya.com.ar\/tipoblog\/2014\/wp-content\/uploads\/2014\/09\/El_salvavidas_que_utilizaban_los_tranvias.jpg\" data-orig-size=\"400,437\" data-comments-opened=\"0\" data-image-meta=\"{&quot;aperture&quot;:&quot;0&quot;,&quot;credit&quot;:&quot;&quot;,&quot;camera&quot;:&quot;&quot;,&quot;caption&quot;:&quot;&quot;,&quot;created_timestamp&quot;:&quot;0&quot;,&quot;copyright&quot;:&quot;&quot;,&quot;focal_length&quot;:&quot;0&quot;,&quot;iso&quot;:&quot;0&quot;,&quot;shutter_speed&quot;:&quot;0&quot;,&quot;title&quot;:&quot;&quot;}\" data-image-title=\"El_salvavidas_que_utilizaban_los_tranvias\" data-image-description=\"\" data-image-caption=\"\" data-large-file=\"https:\/\/www.catedracosgaya.com.ar\/tipoblog\/2014\/wp-content\/uploads\/2014\/09\/El_salvavidas_que_utilizaban_los_tranvias.jpg\" class=\"alignnone wp-image-5005 size-medium\" src=\"http:\/\/www.catedracosgaya.com.ar\/tipoblog\/2014\/wp-content\/uploads\/2014\/09\/El_salvavidas_que_utilizaban_los_tranvias-274x300.jpg\" alt=\"El_salvavidas_que_utilizaban_los_tranvias\" width=\"274\" height=\"300\" srcset=\"https:\/\/www.catedracosgaya.com.ar\/tipoblog\/2014\/wp-content\/uploads\/2014\/09\/El_salvavidas_que_utilizaban_los_tranvias-274x300.jpg 274w, https:\/\/www.catedracosgaya.com.ar\/tipoblog\/2014\/wp-content\/uploads\/2014\/09\/El_salvavidas_que_utilizaban_los_tranvias.jpg 400w\" sizes=\"auto, (max-width: 274px) 100vw, 274px\" \/><\/a><a href=\"http:\/\/www.catedracosgaya.com.ar\/tipoblog\/2014\/wp-content\/uploads\/2014\/09\/foto1.jpg\" target=\"_blank\"><img loading=\"lazy\" decoding=\"async\" data-attachment-id=\"5007\" data-permalink=\"https:\/\/www.catedracosgaya.com.ar\/tipoblog\/2014\/canillita\/foto1\/\" data-orig-file=\"https:\/\/www.catedracosgaya.com.ar\/tipoblog\/2014\/wp-content\/uploads\/2014\/09\/foto1.jpg\" data-orig-size=\"783,397\" data-comments-opened=\"0\" data-image-meta=\"{&quot;aperture&quot;:&quot;0&quot;,&quot;credit&quot;:&quot;&quot;,&quot;camera&quot;:&quot;&quot;,&quot;caption&quot;:&quot;&quot;,&quot;created_timestamp&quot;:&quot;0&quot;,&quot;copyright&quot;:&quot;&quot;,&quot;focal_length&quot;:&quot;0&quot;,&quot;iso&quot;:&quot;0&quot;,&quot;shutter_speed&quot;:&quot;0&quot;,&quot;title&quot;:&quot;&quot;}\" data-image-title=\"foto1\" data-image-description=\"\" data-image-caption=\"\" data-large-file=\"https:\/\/www.catedracosgaya.com.ar\/tipoblog\/2014\/wp-content\/uploads\/2014\/09\/foto1.jpg\" class=\"alignnone wp-image-5007 size-medium\" src=\"http:\/\/www.catedracosgaya.com.ar\/tipoblog\/2014\/wp-content\/uploads\/2014\/09\/foto1-300x152.jpg\" alt=\"foto1\" width=\"300\" height=\"152\" srcset=\"https:\/\/www.catedracosgaya.com.ar\/tipoblog\/2014\/wp-content\/uploads\/2014\/09\/foto1-300x152.jpg 300w, https:\/\/www.catedracosgaya.com.ar\/tipoblog\/2014\/wp-content\/uploads\/2014\/09\/foto1.jpg 783w\" sizes=\"auto, (max-width: 300px) 100vw, 300px\" \/><\/a><a href=\"http:\/\/www.catedracosgaya.com.ar\/tipoblog\/2014\/wp-content\/uploads\/2014\/09\/foto3.jpg\" target=\"_blank\"><img loading=\"lazy\" decoding=\"async\" data-attachment-id=\"5009\" data-permalink=\"https:\/\/www.catedracosgaya.com.ar\/tipoblog\/2014\/canillita\/foto3\/\" data-orig-file=\"https:\/\/www.catedracosgaya.com.ar\/tipoblog\/2014\/wp-content\/uploads\/2014\/09\/foto3.jpg\" data-orig-size=\"784,170\" data-comments-opened=\"0\" data-image-meta=\"{&quot;aperture&quot;:&quot;0&quot;,&quot;credit&quot;:&quot;&quot;,&quot;camera&quot;:&quot;&quot;,&quot;caption&quot;:&quot;&quot;,&quot;created_timestamp&quot;:&quot;0&quot;,&quot;copyright&quot;:&quot;&quot;,&quot;focal_length&quot;:&quot;0&quot;,&quot;iso&quot;:&quot;0&quot;,&quot;shutter_speed&quot;:&quot;0&quot;,&quot;title&quot;:&quot;&quot;}\" data-image-title=\"foto3\" data-image-description=\"\" data-image-caption=\"\" data-large-file=\"https:\/\/www.catedracosgaya.com.ar\/tipoblog\/2014\/wp-content\/uploads\/2014\/09\/foto3.jpg\" class=\"alignnone wp-image-5009 size-full\" src=\"http:\/\/www.catedracosgaya.com.ar\/tipoblog\/2014\/wp-content\/uploads\/2014\/09\/foto3.jpg\" alt=\"foto3\" width=\"784\" height=\"170\" srcset=\"https:\/\/www.catedracosgaya.com.ar\/tipoblog\/2014\/wp-content\/uploads\/2014\/09\/foto3.jpg 784w, https:\/\/www.catedracosgaya.com.ar\/tipoblog\/2014\/wp-content\/uploads\/2014\/09\/foto3-300x65.jpg 300w\" sizes=\"auto, (max-width: 784px) 100vw, 784px\" \/><\/a><\/p>\n<h2>\u00bfQui\u00e9n les puso el nombre de \u00abcanillitas\u00bb?<\/h2>\n<p><strong>En el a\u00f1o 1947, el gobierno de Juan Domingo Per\u00f3n declaraba el 7 de noviembre como el d\u00eda del \u201cCanillita\u201d, por ser \u00e9sta la fecha de muerte del dramaturgo uruguayo Florencio Sanch\u00e9z.<\/strong><br \/>\nPerseguido en Uruguay por sus ideas pol\u00edticas (era anarquista) S\u00e1nchez<strong> viaj\u00f3 a Rosario, donde en 1902 asumi\u00f3 como secretario de redacci\u00f3n de La Rep\u00fablica<\/strong>, dur\u00f3 poco, ya que cuando los trabajadores del diario entraron en huelga, \u00e9l adhiri\u00f3 tambi\u00e9n.<\/p>\n<p><strong>Inspirado por el ambiente period\u00edstico<\/strong>, en sus ratos libres escribi\u00f3 una peque\u00f1a <strong>pieza teatral<\/strong>, cuyo personaje era un ni\u00f1o vendedor de diarios. La titul\u00f3<strong> \u00abCanillita\u00bb<\/strong>, conmovido por las piernas flacas de los diarieros rosarinos. Pero tambi\u00e9n, porque en invierno los ve\u00eda con las narices chorreando como una canilla.<\/p>\n<p>En el a\u00f1o <strong>1957<\/strong>, en una carta de lectores publicada en el diario La Naci\u00f3n,<strong> un se\u00f1or uruguayo<\/strong>, antiguo distribuidor de diarios, <strong>se consideraba el creador del t\u00e9rmino<\/strong>. Recordaba que a fines del siglo XIX ten\u00eda un chico vendedor, hijo de una tal Mar\u00eda Canilla. En ocasi\u00f3n de tener que llamarlo desde cierta distancia y no conociendo su nombre, grit\u00f3 \u00abCanillita\u00bb, luego se corri\u00f3 la voz para todos los muchachos diarieros .<\/p>\n<p>Un par de notas period\u00edsticas publicadas a\u00f1os atr\u00e1s cuentan la vida de <strong>Mar\u00eda E. de \u00cdsola<\/strong>, conocida en su \u00e9poca como<strong> \u00abLa China Mar\u00eda\u00bb<\/strong>, quien falleci\u00f3 en 1934 a los 82 a\u00f1os de edad. <strong>Fue considerada la primera mujer vendedora de diarios<\/strong>, siempre establecida o rondando la esquina de Rivadavia y 25 de Mayo.<\/p>\n<h2>La figura del canillita en el tango:<\/h2>\n<p>Los<strong> tangos<\/strong> volcaron en sus letras<strong> el habla popular de Buenos Aires<\/strong> y sus autores colocaron en sus personajes muchos tipos cl\u00e1sicos de la vida real.<\/p>\n<p><strong>El canillita, aparece en muchos tangos de los a\u00f1os veinte y treinta como un reflejo de la sociedad porte\u00f1a y una denuncia social de la desigualdad de clases:<\/strong><\/p>\n<p>\u201cTal\u00e1n, tal\u00e1n, tal\u00e1n\u2026, pasa el tranv\u00eda por Tucum\u00e1n: Prensa, Naci\u00f3n y Argentina, gritan los pibes de esquina a esquina&#8230;\u201d<br \/>\n(letra de<strong> \u201cTal\u00e1n tal\u00e1n\u201d<\/strong> de <strong>Alberto Vacarezza<\/strong> \u2013 1924)<br \/>\n<a title=\"M\u00fasica de &quot;Tal\u00e1n Tal\u00e1n&quot;\" href=\"http:\/\/www.todotango.com\/english\/music\/song\/1187\/Talan-talan\/\" target=\"_blank\">http:\/\/www.todotango.com\/english\/music\/song\/1187\/Talan-talan\/<\/a><\/p>\n<p>\u201cy pienso en la vida, las madres que sufren, los chicos que vagan sin techo y sin pan, vendiendo La Prensa, ganando dos guitas, que triste es todo eso, quisiera llorar\u201d<br \/>\n(del tango <strong>\u201cAquaforte\u201d<\/strong> letra de <strong>Juan Carlos Marambio Cat\u00e1n<\/strong> \u2013 1932)<br \/>\n<a href=\"http:\/\/www.todotango.com\/musica\/tema\/21\/Acquaforte\/\" target=\"_blank\">http:\/\/www.todotango.com\/musica\/tema\/21\/Acquaforte\/<\/a><\/p>\n<p><strong>Evaristo Carriego<\/strong>, escribi\u00f3 un tr\u00e1gico poema titulado<strong> \u201cLa muerte del pibe\u201d<\/strong> en alusi\u00f3n a un canillita muerto al caer del tranv\u00eda \u201cllevaban las manijas del cajoncito, cuatro pibes diarieros del conventillo\u201d<br \/>\n<a href=\"http:\/\/www.todotango.com\/musica\/tema\/1979\/La-muerte-del-pibe\/\" target=\"_blank\">http:\/\/www.todotango.com\/musica\/tema\/1979\/La-muerte-del-pibe\/<\/a><\/p>\n<p>Este poema fue musicalizado por los guitarristas Juan Cisneros, Raymundo Cabarcos y Emilio Sola y grabado en 1935 como tango-canci\u00f3n por el cantor Emilio Conte.<\/p>\n<p>Otros tangos que hacen referencia a estos personajes son: <strong>\u201cCanillita, canillita\u201d<\/strong> de <strong>Tomas de Bassi<\/strong> y<strong> Antonio Botta<\/strong> y <strong>\u201cCanillita<\/strong>\u201d de <strong>Viergol<\/strong> y <strong>Perez Freire<\/strong>.<br \/>\n<a href=\"http:\/\/www.todotango.com\/musica\/tema\/3023\/Canillita-canillita\/\" target=\"_blank\">http:\/\/www.todotango.com\/musica\/tema\/3023\/Canillita-canillita\/<\/a><br \/>\n<a href=\"http:\/\/www.todotango.com\/musica\/tema\/3024\/Canillita-%5Bb%5D\/\" target=\"_blank\">http:\/\/www.todotango.com\/musica\/tema\/3024\/Canillita-%5Bb%5D\/<\/a><\/p>\n<p>El gran <strong>Francisco Canaro<\/strong>, <strong>fue canillita en su ni\u00f1ez<\/strong> y con los pocos pesos que ten\u00eda y una lata de aceite se fabric\u00f3 un rudimentario viol\u00edn. Recordando esa \u00e9poca compuso el tango instrumental <strong>\u201cCanillita\u201d<\/strong> que grab\u00f3 con su orquesta y con el <strong>Quinteto Pirincho<\/strong>.<br \/>\n<a href=\"http:\/\/www.youtube.com\/watch?v=RUpHtBuMur0\" target=\"_blank\">http:\/\/www.youtube.com\/watch?v=RUpHtBuMur0<\/a><\/p>\n<p>Pero quiz\u00e1 el tango que mejor describa este mundo es el compuesto por <strong>Julio Gutierr\u00e9z Mart\u00edn<\/strong> y <strong>Horacio Quintana<\/strong> titulado <strong>\u201cPara vos canilla\u201d<\/strong>, que fue la primer grabaci\u00f3n de Rub\u00e9n Juar\u00e9z en el a\u00f1o 1969.<\/p>\n<p><a href=\"http:\/\/www.youtube.com\/watch?v=H07JWrPTPw8\" target=\"_blank\">http:\/\/www.youtube.com\/watch?v=H07JWrPTPw8<\/a><\/p>\n<p><a href=\"http:\/\/www.catedracosgaya.com.ar\/tipoblog\/2014\/wp-content\/uploads\/2014\/09\/Talan_talan.jpg\"><img loading=\"lazy\" decoding=\"async\" data-attachment-id=\"5040\" data-permalink=\"https:\/\/www.catedracosgaya.com.ar\/tipoblog\/2014\/canillita\/talan_talan\/\" data-orig-file=\"https:\/\/www.catedracosgaya.com.ar\/tipoblog\/2014\/wp-content\/uploads\/2014\/09\/Talan_talan.jpg\" data-orig-size=\"200,263\" data-comments-opened=\"0\" data-image-meta=\"{&quot;aperture&quot;:&quot;0&quot;,&quot;credit&quot;:&quot;&quot;,&quot;camera&quot;:&quot;&quot;,&quot;caption&quot;:&quot;&quot;,&quot;created_timestamp&quot;:&quot;0&quot;,&quot;copyright&quot;:&quot;&quot;,&quot;focal_length&quot;:&quot;0&quot;,&quot;iso&quot;:&quot;0&quot;,&quot;shutter_speed&quot;:&quot;0&quot;,&quot;title&quot;:&quot;&quot;}\" data-image-title=\"Talan_talan\" data-image-description=\"\" data-image-caption=\"\" data-large-file=\"https:\/\/www.catedracosgaya.com.ar\/tipoblog\/2014\/wp-content\/uploads\/2014\/09\/Talan_talan.jpg\" class=\"alignnone size-full wp-image-5040\" src=\"http:\/\/www.catedracosgaya.com.ar\/tipoblog\/2014\/wp-content\/uploads\/2014\/09\/Talan_talan.jpg\" alt=\"Talan_talan\" width=\"200\" height=\"263\" \/><\/a> <a href=\"http:\/\/www.catedracosgaya.com.ar\/tipoblog\/2014\/wp-content\/uploads\/2014\/09\/images3.jpg\"><img loading=\"lazy\" decoding=\"async\" data-attachment-id=\"5039\" data-permalink=\"https:\/\/www.catedracosgaya.com.ar\/tipoblog\/2014\/canillita\/images-7\/\" data-orig-file=\"https:\/\/www.catedracosgaya.com.ar\/tipoblog\/2014\/wp-content\/uploads\/2014\/09\/images3.jpg\" data-orig-size=\"202,249\" data-comments-opened=\"0\" data-image-meta=\"{&quot;aperture&quot;:&quot;0&quot;,&quot;credit&quot;:&quot;&quot;,&quot;camera&quot;:&quot;&quot;,&quot;caption&quot;:&quot;&quot;,&quot;created_timestamp&quot;:&quot;0&quot;,&quot;copyright&quot;:&quot;&quot;,&quot;focal_length&quot;:&quot;0&quot;,&quot;iso&quot;:&quot;0&quot;,&quot;shutter_speed&quot;:&quot;0&quot;,&quot;title&quot;:&quot;&quot;}\" data-image-title=\"images\" data-image-description=\"\" data-image-caption=\"\" data-large-file=\"https:\/\/www.catedracosgaya.com.ar\/tipoblog\/2014\/wp-content\/uploads\/2014\/09\/images3.jpg\" class=\"alignnone size-full wp-image-5039\" src=\"http:\/\/www.catedracosgaya.com.ar\/tipoblog\/2014\/wp-content\/uploads\/2014\/09\/images3.jpg\" alt=\"images\" width=\"202\" height=\"249\" \/><\/a> <a href=\"http:\/\/www.catedracosgaya.com.ar\/tipoblog\/2014\/wp-content\/uploads\/2014\/09\/canillitas_part1.jpg\"><img loading=\"lazy\" decoding=\"async\" data-attachment-id=\"5038\" data-permalink=\"https:\/\/www.catedracosgaya.com.ar\/tipoblog\/2014\/canillita\/canillitas_part1\/\" data-orig-file=\"https:\/\/www.catedracosgaya.com.ar\/tipoblog\/2014\/wp-content\/uploads\/2014\/09\/canillitas_part1.jpg\" data-orig-size=\"201,260\" data-comments-opened=\"0\" data-image-meta=\"{&quot;aperture&quot;:&quot;0&quot;,&quot;credit&quot;:&quot;&quot;,&quot;camera&quot;:&quot;&quot;,&quot;caption&quot;:&quot;&quot;,&quot;created_timestamp&quot;:&quot;0&quot;,&quot;copyright&quot;:&quot;&quot;,&quot;focal_length&quot;:&quot;0&quot;,&quot;iso&quot;:&quot;0&quot;,&quot;shutter_speed&quot;:&quot;0&quot;,&quot;title&quot;:&quot;&quot;}\" data-image-title=\"canillitas_part1\" data-image-description=\"\" data-image-caption=\"\" data-large-file=\"https:\/\/www.catedracosgaya.com.ar\/tipoblog\/2014\/wp-content\/uploads\/2014\/09\/canillitas_part1.jpg\" class=\"alignnone size-full wp-image-5038\" src=\"http:\/\/www.catedracosgaya.com.ar\/tipoblog\/2014\/wp-content\/uploads\/2014\/09\/canillitas_part1.jpg\" alt=\"canillitas_part1\" width=\"201\" height=\"260\" \/><\/a> <a href=\"http:\/\/www.catedracosgaya.com.ar\/tipoblog\/2014\/wp-content\/uploads\/2014\/09\/Canillita_canillita.jpg\"><img loading=\"lazy\" decoding=\"async\" data-attachment-id=\"5035\" data-permalink=\"https:\/\/www.catedracosgaya.com.ar\/tipoblog\/2014\/canillita\/canillita_canillita\/\" data-orig-file=\"https:\/\/www.catedracosgaya.com.ar\/tipoblog\/2014\/wp-content\/uploads\/2014\/09\/Canillita_canillita.jpg\" data-orig-size=\"200,268\" data-comments-opened=\"0\" data-image-meta=\"{&quot;aperture&quot;:&quot;0&quot;,&quot;credit&quot;:&quot;&quot;,&quot;camera&quot;:&quot;&quot;,&quot;caption&quot;:&quot;&quot;,&quot;created_timestamp&quot;:&quot;0&quot;,&quot;copyright&quot;:&quot;&quot;,&quot;focal_length&quot;:&quot;0&quot;,&quot;iso&quot;:&quot;0&quot;,&quot;shutter_speed&quot;:&quot;0&quot;,&quot;title&quot;:&quot;&quot;}\" data-image-title=\"Canillita_canillita\" data-image-description=\"\" data-image-caption=\"\" data-large-file=\"https:\/\/www.catedracosgaya.com.ar\/tipoblog\/2014\/wp-content\/uploads\/2014\/09\/Canillita_canillita.jpg\" class=\"alignnone size-full wp-image-5035\" src=\"http:\/\/www.catedracosgaya.com.ar\/tipoblog\/2014\/wp-content\/uploads\/2014\/09\/Canillita_canillita.jpg\" alt=\"Canillita_canillita\" width=\"200\" height=\"268\" \/><\/a><\/p>\n<h2>\u00a0La figura del canillita en el cine:<\/h2>\n<p>El <strong>cine<\/strong> se ocupo en varias pel\u00edculas, <strong>\u201cCanillita\u201d<\/strong> de 1934, <strong>\u201cEl canillita y la dama\u201d<\/strong> de 1938 y en los a\u00f1os cincuenta el famoso<strong> Toscanito<\/strong> interpreta a un pibe que vende diarios colgado del tranv\u00eda.<\/p>\n<p><a href=\"http:\/\/www.catedracosgaya.com.ar\/tipoblog\/2014\/wp-content\/uploads\/2014\/09\/el-canillita-y-la-dama.jpg\"><img loading=\"lazy\" decoding=\"async\" data-attachment-id=\"5042\" data-permalink=\"https:\/\/www.catedracosgaya.com.ar\/tipoblog\/2014\/canillita\/el-canillita-y-la-dama\/\" data-orig-file=\"https:\/\/www.catedracosgaya.com.ar\/tipoblog\/2014\/wp-content\/uploads\/2014\/09\/el-canillita-y-la-dama.jpg\" data-orig-size=\"230,340\" data-comments-opened=\"0\" data-image-meta=\"{&quot;aperture&quot;:&quot;0&quot;,&quot;credit&quot;:&quot;&quot;,&quot;camera&quot;:&quot;&quot;,&quot;caption&quot;:&quot;&quot;,&quot;created_timestamp&quot;:&quot;0&quot;,&quot;copyright&quot;:&quot;&quot;,&quot;focal_length&quot;:&quot;0&quot;,&quot;iso&quot;:&quot;0&quot;,&quot;shutter_speed&quot;:&quot;0&quot;,&quot;title&quot;:&quot;&quot;}\" data-image-title=\"el-canillita-y-la-dama\" data-image-description=\"\" data-image-caption=\"\" data-large-file=\"https:\/\/www.catedracosgaya.com.ar\/tipoblog\/2014\/wp-content\/uploads\/2014\/09\/el-canillita-y-la-dama.jpg\" class=\"alignnone size-medium wp-image-5042\" src=\"http:\/\/www.catedracosgaya.com.ar\/tipoblog\/2014\/wp-content\/uploads\/2014\/09\/el-canillita-y-la-dama-202x300.jpg\" alt=\"el-canillita-y-la-dama\" width=\"202\" height=\"300\" srcset=\"https:\/\/www.catedracosgaya.com.ar\/tipoblog\/2014\/wp-content\/uploads\/2014\/09\/el-canillita-y-la-dama-202x300.jpg 202w, https:\/\/www.catedracosgaya.com.ar\/tipoblog\/2014\/wp-content\/uploads\/2014\/09\/el-canillita-y-la-dama.jpg 230w\" sizes=\"auto, (max-width: 202px) 100vw, 202px\" \/><\/a><a href=\"http:\/\/www.catedracosgaya.com.ar\/tipoblog\/2014\/wp-content\/uploads\/2014\/09\/poster-pelicula-toscanito-y-los-detectives-ano-1950-unica-4055-MLA124753375_7342-F.jpg\"><img loading=\"lazy\" decoding=\"async\" data-attachment-id=\"5043\" data-permalink=\"https:\/\/www.catedracosgaya.com.ar\/tipoblog\/2014\/canillita\/poster-pelicula-toscanito-y-los-detectives-ano-1950-unica-4055-mla124753375_7342-f\/\" data-orig-file=\"https:\/\/www.catedracosgaya.com.ar\/tipoblog\/2014\/wp-content\/uploads\/2014\/09\/poster-pelicula-toscanito-y-los-detectives-ano-1950-unica-4055-MLA124753375_7342-F.jpg\" data-orig-size=\"900,1200\" data-comments-opened=\"0\" data-image-meta=\"{&quot;aperture&quot;:&quot;0&quot;,&quot;credit&quot;:&quot;&quot;,&quot;camera&quot;:&quot;&quot;,&quot;caption&quot;:&quot;&quot;,&quot;created_timestamp&quot;:&quot;0&quot;,&quot;copyright&quot;:&quot;&quot;,&quot;focal_length&quot;:&quot;0&quot;,&quot;iso&quot;:&quot;0&quot;,&quot;shutter_speed&quot;:&quot;0&quot;,&quot;title&quot;:&quot;&quot;}\" data-image-title=\"poster-pelicula-toscanito-y-los-detectives-ano-1950-unica-4055-MLA124753375_7342-F\" data-image-description=\"\" data-image-caption=\"\" data-large-file=\"https:\/\/www.catedracosgaya.com.ar\/tipoblog\/2014\/wp-content\/uploads\/2014\/09\/poster-pelicula-toscanito-y-los-detectives-ano-1950-unica-4055-MLA124753375_7342-F-768x1024.jpg\" class=\"alignnone size-medium wp-image-5043\" src=\"http:\/\/www.catedracosgaya.com.ar\/tipoblog\/2014\/wp-content\/uploads\/2014\/09\/poster-pelicula-toscanito-y-los-detectives-ano-1950-unica-4055-MLA124753375_7342-F-225x300.jpg\" alt=\"poster-pelicula-toscanito-y-los-detectives-ano-1950-unica-4055-MLA124753375_7342-F\" width=\"225\" height=\"300\" srcset=\"https:\/\/www.catedracosgaya.com.ar\/tipoblog\/2014\/wp-content\/uploads\/2014\/09\/poster-pelicula-toscanito-y-los-detectives-ano-1950-unica-4055-MLA124753375_7342-F-225x300.jpg 225w, https:\/\/www.catedracosgaya.com.ar\/tipoblog\/2014\/wp-content\/uploads\/2014\/09\/poster-pelicula-toscanito-y-los-detectives-ano-1950-unica-4055-MLA124753375_7342-F-768x1024.jpg 768w, https:\/\/www.catedracosgaya.com.ar\/tipoblog\/2014\/wp-content\/uploads\/2014\/09\/poster-pelicula-toscanito-y-los-detectives-ano-1950-unica-4055-MLA124753375_7342-F.jpg 900w\" sizes=\"auto, (max-width: 225px) 100vw, 225px\" \/><\/a><\/p>\n<p><strong>La palabra \u201cCanillita\u201d dejo de ser exclusivamente de los ni\u00f1os, y despu\u00e9s de los a\u00f1os cincuenta los diarieros de barrio adoptaron ese nombre como propio.<\/strong> Ya en los ochenta una serie televisiva renovaba el personaje con el titulo<strong> \u201cEl Rafa\u201d<\/strong>, diariero de barrio interpretado por <strong>Alberto De Mendoza<\/strong>, de c\u00f3digos, coraz\u00f3n y\u00a0coraje.<\/p>\n<h3><img loading=\"lazy\" decoding=\"async\" data-attachment-id=\"5045\" data-permalink=\"https:\/\/www.catedracosgaya.com.ar\/tipoblog\/2014\/canillita\/1468887w300\/\" data-orig-file=\"https:\/\/www.catedracosgaya.com.ar\/tipoblog\/2014\/wp-content\/uploads\/2014\/09\/1468887w300.jpg\" data-orig-size=\"300,200\" data-comments-opened=\"0\" data-image-meta=\"{&quot;aperture&quot;:&quot;0&quot;,&quot;credit&quot;:&quot;&quot;,&quot;camera&quot;:&quot;&quot;,&quot;caption&quot;:&quot;&quot;,&quot;created_timestamp&quot;:&quot;0&quot;,&quot;copyright&quot;:&quot;&quot;,&quot;focal_length&quot;:&quot;0&quot;,&quot;iso&quot;:&quot;0&quot;,&quot;shutter_speed&quot;:&quot;0&quot;,&quot;title&quot;:&quot;&quot;}\" data-image-title=\"1468887w300\" data-image-description=\"\" data-image-caption=\"\" data-large-file=\"https:\/\/www.catedracosgaya.com.ar\/tipoblog\/2014\/wp-content\/uploads\/2014\/09\/1468887w300.jpg\" class=\"alignnone wp-image-5045\" src=\"http:\/\/www.catedracosgaya.com.ar\/tipoblog\/2014\/wp-content\/uploads\/2014\/09\/1468887w300.jpg\" alt=\"1468887w300\" width=\"338\" height=\"225\" \/><\/h3>\n<h3>Fuente:<\/h3>\n<address><a title=\"Fuente 1\" href=\"http:\/\/www.argentina.ar\" target=\"_blank\">http:\/\/www.argentina.ar<\/a><\/address>\n<address><a title=\"Fuente 2\" href=\"http:\/\/www.todotango.com\" target=\"_blank\">http:\/\/www.todotango.com <\/a><\/address>\n<address><a title=\"Fuente 3\" href=\"http:\/\/www.tangocity.com\/\" target=\"_blank\">http:\/\/www.tangocity.com\/<\/a><\/address>\n<address><a title=\"Fuente 4\" href=\"http:\/\/www.sentimientosmanuedu.com.ar\/\" target=\"_blank\">http:\/\/www.sentimientosmanuedu.com.ar\/<\/a><\/address>\n<p>&nbsp;<\/p>\n<p>&nbsp;<\/p>\n","protected":false},"excerpt":{"rendered":"<p>De gargantas cansadas y diarios bajo el brazo:<br \/>\nUn repaso por la historia de los canillitas en la Argentina.<\/p>\n","protected":false},"author":312,"featured_media":5012,"comment_status":"closed","ping_status":"closed","sticky":false,"template":"","format":"standard","meta":{"jetpack_post_was_ever_published":false,"_jetpack_newsletter_access":"","_jetpack_dont_email_post_to_subs":false,"_jetpack_newsletter_tier_id":0,"_jetpack_memberships_contains_paywalled_content":false,"_jetpack_memberships_contains_paid_content":false,"footnotes":""},"categories":[5],"tags":[279,277,215,19,278,69,253,280],"class_list":["post-4991","post","type-post","status-publish","format-standard","has-post-thumbnail","hentry","category-periodico","tag-argentina","tag-canillita","tag-cine","tag-diario","tag-historia","tag-musica","tag-periodico-2","tag-tango"],"jetpack_featured_media_url":"https:\/\/www.catedracosgaya.com.ar\/tipoblog\/2014\/wp-content\/uploads\/2014\/09\/Puesto_de_diarios_y_revista._Ano_1941._El_canillita_con_medias_tres_cuartos_saco_y_corbata.jpg","jetpack_shortlink":"https:\/\/wp.me\/p4rrRH-1iv","jetpack_sharing_enabled":true,"_links":{"self":[{"href":"https:\/\/www.catedracosgaya.com.ar\/tipoblog\/2014\/wp-json\/wp\/v2\/posts\/4991","targetHints":{"allow":["GET"]}}],"collection":[{"href":"https:\/\/www.catedracosgaya.com.ar\/tipoblog\/2014\/wp-json\/wp\/v2\/posts"}],"about":[{"href":"https:\/\/www.catedracosgaya.com.ar\/tipoblog\/2014\/wp-json\/wp\/v2\/types\/post"}],"author":[{"embeddable":true,"href":"https:\/\/www.catedracosgaya.com.ar\/tipoblog\/2014\/wp-json\/wp\/v2\/users\/312"}],"replies":[{"embeddable":true,"href":"https:\/\/www.catedracosgaya.com.ar\/tipoblog\/2014\/wp-json\/wp\/v2\/comments?post=4991"}],"version-history":[{"count":41,"href":"https:\/\/www.catedracosgaya.com.ar\/tipoblog\/2014\/wp-json\/wp\/v2\/posts\/4991\/revisions"}],"predecessor-version":[{"id":5058,"href":"https:\/\/www.catedracosgaya.com.ar\/tipoblog\/2014\/wp-json\/wp\/v2\/posts\/4991\/revisions\/5058"}],"wp:featuredmedia":[{"embeddable":true,"href":"https:\/\/www.catedracosgaya.com.ar\/tipoblog\/2014\/wp-json\/wp\/v2\/media\/5012"}],"wp:attachment":[{"href":"https:\/\/www.catedracosgaya.com.ar\/tipoblog\/2014\/wp-json\/wp\/v2\/media?parent=4991"}],"wp:term":[{"taxonomy":"category","embeddable":true,"href":"https:\/\/www.catedracosgaya.com.ar\/tipoblog\/2014\/wp-json\/wp\/v2\/categories?post=4991"},{"taxonomy":"post_tag","embeddable":true,"href":"https:\/\/www.catedracosgaya.com.ar\/tipoblog\/2014\/wp-json\/wp\/v2\/tags?post=4991"}],"curies":[{"name":"wp","href":"https:\/\/api.w.org\/{rel}","templated":true}]}}