{"id":4884,"date":"2014-09-23T05:55:01","date_gmt":"2014-09-23T05:55:01","guid":{"rendered":"http:\/\/www.catedracosgaya.com.ar\/tipoblog\/2014\/?p=4884"},"modified":"2014-09-24T01:59:47","modified_gmt":"2014-09-24T01:59:47","slug":"intangible","status":"publish","type":"post","link":"https:\/\/www.catedracosgaya.com.ar\/tipoblog\/2014\/intangible\/","title":{"rendered":"Informaci\u00f3n intangible"},"content":{"rendered":"<p>Lo que voy a escribir a continuaci\u00f3n es meramente una opini\u00f3n, una percepci\u00f3n personal que sale a flote cuando se menciona o se toca el tema de la vor\u00e1gine tecnol\u00f3gica que nos envuelve constantemente en lo cotidiano y el desacr\u00e9dito que recibe; y si bien se aleja bastante del uso tipogr\u00e1fico en el tema que me toc\u00f3 tratar, se suscita desde una idea que viene siempre a mi cabeza; la falta de inter\u00e9s en la informaci\u00f3n.<\/p>\n<p>&nbsp;<\/p>\n<h3>Peri\u00f3dico como objeto<\/h3>\n<p>El peri\u00f3dico (o \u201cdiario\u201d como se le dice en el barrio) fue durante muchas d\u00e9cadas la principal fuente de informaci\u00f3n, y hasta de comunicaci\u00f3n, en la sociedad. Sin embargo no voy a ahondar en la historia del papel prensa o alguno de sus derivados ni mucho menos, sino centrarme en su desplazamiento de su funci\u00f3n como un mero transmisor, una v\u00eda, un soporte, para pasar a transformarse en un objeto arraigado a la sociedad en s\u00ed; quit\u00e1ndole prestigio y demeritando cualquier otro medio escrito. Pues bien, luego del largo recorrido que ha hecho en su funci\u00f3n a trav\u00e9s de la historia ya hoy en la actualidad la marcada institucionalizaci\u00f3n y comercializaci\u00f3n de los mismos los ha convertido en el producto con el que lucra el poseedor m\u00e1s \u201cfiable\u201d de lo que acontece el d\u00eda a d\u00eda. El tiempo y la costumbre le ha dado al \u201cnombre marca\u201d el peso necesario para quedar arraigado y fundido a los cimientos de lo cotidiano, y as\u00ed, forjarse junto a la interpretaci\u00f3n de la realidad que tienen la mayor\u00eda de los individuos. <a href=\"http:\/\/www.catedracosgaya.com.ar\/tipoblog\/2014\/wp-content\/uploads\/2014\/09\/ss+2014-09-23+at+03.24.47.jpg\"><img loading=\"lazy\" decoding=\"async\" data-attachment-id=\"4898\" data-permalink=\"https:\/\/www.catedracosgaya.com.ar\/tipoblog\/2014\/intangible\/ss2014-09-23at03-24-47\/\" data-orig-file=\"https:\/\/www.catedracosgaya.com.ar\/tipoblog\/2014\/wp-content\/uploads\/2014\/09\/ss+2014-09-23+at+03.24.47.jpg\" data-orig-size=\"459,640\" data-comments-opened=\"0\" data-image-meta=\"{&quot;aperture&quot;:&quot;0&quot;,&quot;credit&quot;:&quot;&quot;,&quot;camera&quot;:&quot;&quot;,&quot;caption&quot;:&quot;&quot;,&quot;created_timestamp&quot;:&quot;0&quot;,&quot;copyright&quot;:&quot;&quot;,&quot;focal_length&quot;:&quot;0&quot;,&quot;iso&quot;:&quot;0&quot;,&quot;shutter_speed&quot;:&quot;0&quot;,&quot;title&quot;:&quot;&quot;}\" data-image-title=\"\" data-image-description=\"\" data-image-caption=\"\" data-large-file=\"https:\/\/www.catedracosgaya.com.ar\/tipoblog\/2014\/wp-content\/uploads\/2014\/09\/ss+2014-09-23+at+03.24.47.jpg\" class=\"alignnone size-medium wp-image-4898\" src=\"http:\/\/www.catedracosgaya.com.ar\/tipoblog\/2014\/wp-content\/uploads\/2014\/09\/ss+2014-09-23+at+03.24.47-215x300.jpg\" alt=\"\" width=\"215\" height=\"300\" srcset=\"https:\/\/www.catedracosgaya.com.ar\/tipoblog\/2014\/wp-content\/uploads\/2014\/09\/ss+2014-09-23+at+03.24.47-215x300.jpg 215w, https:\/\/www.catedracosgaya.com.ar\/tipoblog\/2014\/wp-content\/uploads\/2014\/09\/ss+2014-09-23+at+03.24.47.jpg 459w\" sizes=\"auto, (max-width: 215px) 100vw, 215px\" \/><\/a> Y sucede que, al momento de querer leer y nutrirse de cualquier otra fuente (puntualmente me refiero internet) comienzan a surgir dudas respecto de su procedencia; del misterio y la desconfianza que evocan el anonimato y la vasta e interminable cantidad de voces que permite ese medio y no pueden ser acalladas ni, a su vez, desmentidas. Las posibilidades que acarrean la \u00abdesmaterializaci\u00f3n\u00bb de la informaci\u00f3n permiten multiplicar el abanico de respuestas a preguntas que todav\u00eda no han sido formuladas.<\/p>\n<hr \/>\n<p>&nbsp;<\/p>\n<h3>Casi de ciencia ficci\u00f3n<\/h3>\n<p>Una vez le\u00ed por ah\u00ed un texto que dec\u00eda algo as\u00ed como, <em>\u201csi tuvieras que explicarle lo m\u00e1s extra\u00f1o del presente a una persona de m\u00e1s o menos 1980, \u00bfqu\u00e9 ser\u00eda?\u201d<\/em> Y la respuesta era: <em>\u201cYo, poseo un aparato del tama\u00f1o de mi mano, con total y libre acceso a toda la informaci\u00f3n conocida por el hombre, el cual uso para mirar videos de gatitos y discutir con extra\u00f1os\u201d.<\/em> Y creo que eso es justo eso lo que pasa en nuestra \u00e9poca. A pesar de que a la mayor\u00eda de las instituciones ya no les interesa ni tienen como deber el informar sino lucrar con la informaci\u00f3n, no existir\u00eda la oferta si no hubiese demanda; un p\u00fablico abocado al sensacionalismo o a la falta de inter\u00e9s da lugar a que peque\u00f1as ideas\u00a0llenas de contenido pasen desapercibidas entre tanto grito amarillista que muchas veces roza la morbosidad. Es entonces que el problema radica donde las personas ven a esa como la \u00fanica realidad; mientras que, por el contrario, darse cuenta del potencial de las herramientas que existen hoy por hoy es ya el primer paso para estar a la altura de las circunstancias. Creo que el libre contacto entre emisor y destinatario que ofrecen los medios digitales, despojado de filtros, embudos, intereses e intermediarios, a\u00fan no se lo aprovecha en su totalidad ya que surge tan espont\u00e1neamente que hasta podr\u00eda estar significando un cambio de paradigma en el manejo de la informaci\u00f3n. Y que s\u00f3lo faltan ganas. <a href=\"http:\/\/www.catedracosgaya.com.ar\/tipoblog\/2014\/wp-content\/uploads\/2014\/09\/182157_4123555366349_942450374_n.jpg\"><img loading=\"lazy\" decoding=\"async\" data-attachment-id=\"4892\" data-permalink=\"https:\/\/www.catedracosgaya.com.ar\/tipoblog\/2014\/intangible\/182157_4123555366349_942450374_n\/\" data-orig-file=\"https:\/\/www.catedracosgaya.com.ar\/tipoblog\/2014\/wp-content\/uploads\/2014\/09\/182157_4123555366349_942450374_n.jpg\" data-orig-size=\"351,400\" data-comments-opened=\"0\" data-image-meta=\"{&quot;aperture&quot;:&quot;0&quot;,&quot;credit&quot;:&quot;&quot;,&quot;camera&quot;:&quot;&quot;,&quot;caption&quot;:&quot;&quot;,&quot;created_timestamp&quot;:&quot;0&quot;,&quot;copyright&quot;:&quot;&quot;,&quot;focal_length&quot;:&quot;0&quot;,&quot;iso&quot;:&quot;0&quot;,&quot;shutter_speed&quot;:&quot;0&quot;,&quot;title&quot;:&quot;&quot;}\" data-image-title=\"\" data-image-description=\"\" data-image-caption=\"&lt;p&gt;C\u00f3mic de \u00abEl Roto\u00bb&lt;\/p&gt;\n\" data-large-file=\"https:\/\/www.catedracosgaya.com.ar\/tipoblog\/2014\/wp-content\/uploads\/2014\/09\/182157_4123555366349_942450374_n.jpg\" class=\"size-medium wp-image-4892\" src=\"http:\/\/www.catedracosgaya.com.ar\/tipoblog\/2014\/wp-content\/uploads\/2014\/09\/182157_4123555366349_942450374_n-263x300.jpg\" alt=\"C\u00f3mic de &quot;El Roto&quot;\" width=\"263\" height=\"300\" srcset=\"https:\/\/www.catedracosgaya.com.ar\/tipoblog\/2014\/wp-content\/uploads\/2014\/09\/182157_4123555366349_942450374_n-263x300.jpg 263w, https:\/\/www.catedracosgaya.com.ar\/tipoblog\/2014\/wp-content\/uploads\/2014\/09\/182157_4123555366349_942450374_n.jpg 351w\" sizes=\"auto, (max-width: 263px) 100vw, 263px\" \/><\/a> Sea cual fuere el tema a tratar, desde ciencia hasta noticias, desde arte hasta tecnolog\u00eda, comienza a tomar peso en uno mismo el saber que siempre existe la opci\u00f3n de qu\u00e9 elegir y de tener d\u00f3nde buscar, y as\u00ed poder construir mejor un fragmento de nuestra realidad, que \u00e9sta es, la que se hace entre todos.<\/p>\n<hr \/>\n<p>Para cerrar dejo este video de <strong>Isaac Asimov<\/strong> de 1988\u00a0que fue el disparador de toda esta idea en el que habla sobre el impacto que tendr\u00eda Internet en el futuro y que, b\u00e1sicamente, da una visi\u00f3n de c\u00f3mo se viven las cosas\u00a0en esta \u00e9poca.<\/p>\n<p style=\"text-align: left\"><strong style=\"color: #444444\"><span class=\"embed-youtube\" style=\"text-align:center; display: block;\"><iframe loading=\"lazy\" class=\"youtube-player\" width=\"640\" height=\"360\" src=\"https:\/\/www.youtube.com\/embed\/qLEBAPA7yqo?version=3&#038;rel=1&#038;showsearch=0&#038;showinfo=1&#038;iv_load_policy=1&#038;fs=1&#038;hl=es-ES&#038;autohide=2&#038;wmode=transparent\" allowfullscreen=\"true\" style=\"border:0;\" sandbox=\"allow-scripts allow-same-origin allow-popups allow-presentation allow-popups-to-escape-sandbox\"><\/iframe><\/span><\/strong><\/p>\n","protected":false},"excerpt":{"rendered":"<p>El arraigo de la sociedad sobre las cosas y c\u00f3mo la reticencia al cambio llega hasta a acusar a lo nuevo, y lo distinto, de desconfiable.<\/p>\n","protected":false},"author":303,"featured_media":4886,"comment_status":"closed","ping_status":"closed","sticky":false,"template":"","format":"standard","meta":{"jetpack_post_was_ever_published":false,"_jetpack_newsletter_access":"","_jetpack_dont_email_post_to_subs":false,"_jetpack_newsletter_tier_id":0,"_jetpack_memberships_contains_paywalled_content":false,"_jetpack_memberships_contains_paid_content":false,"footnotes":""},"categories":[5],"tags":[19,266,219,264,267,253],"class_list":["post-4884","post","type-post","status-publish","format-standard","has-post-thumbnail","hentry","category-periodico","tag-diario","tag-flashie","tag-informacion","tag-intangible","tag-internet","tag-periodico-2"],"jetpack_featured_media_url":"https:\/\/www.catedracosgaya.com.ar\/tipoblog\/2014\/wp-content\/uploads\/2014\/09\/vender_producto_intangible.jpg","jetpack_shortlink":"https:\/\/wp.me\/p4rrRH-1gM","jetpack_sharing_enabled":true,"_links":{"self":[{"href":"https:\/\/www.catedracosgaya.com.ar\/tipoblog\/2014\/wp-json\/wp\/v2\/posts\/4884","targetHints":{"allow":["GET"]}}],"collection":[{"href":"https:\/\/www.catedracosgaya.com.ar\/tipoblog\/2014\/wp-json\/wp\/v2\/posts"}],"about":[{"href":"https:\/\/www.catedracosgaya.com.ar\/tipoblog\/2014\/wp-json\/wp\/v2\/types\/post"}],"author":[{"embeddable":true,"href":"https:\/\/www.catedracosgaya.com.ar\/tipoblog\/2014\/wp-json\/wp\/v2\/users\/303"}],"replies":[{"embeddable":true,"href":"https:\/\/www.catedracosgaya.com.ar\/tipoblog\/2014\/wp-json\/wp\/v2\/comments?post=4884"}],"version-history":[{"count":14,"href":"https:\/\/www.catedracosgaya.com.ar\/tipoblog\/2014\/wp-json\/wp\/v2\/posts\/4884\/revisions"}],"predecessor-version":[{"id":4897,"href":"https:\/\/www.catedracosgaya.com.ar\/tipoblog\/2014\/wp-json\/wp\/v2\/posts\/4884\/revisions\/4897"}],"wp:featuredmedia":[{"embeddable":true,"href":"https:\/\/www.catedracosgaya.com.ar\/tipoblog\/2014\/wp-json\/wp\/v2\/media\/4886"}],"wp:attachment":[{"href":"https:\/\/www.catedracosgaya.com.ar\/tipoblog\/2014\/wp-json\/wp\/v2\/media?parent=4884"}],"wp:term":[{"taxonomy":"category","embeddable":true,"href":"https:\/\/www.catedracosgaya.com.ar\/tipoblog\/2014\/wp-json\/wp\/v2\/categories?post=4884"},{"taxonomy":"post_tag","embeddable":true,"href":"https:\/\/www.catedracosgaya.com.ar\/tipoblog\/2014\/wp-json\/wp\/v2\/tags?post=4884"}],"curies":[{"name":"wp","href":"https:\/\/api.w.org\/{rel}","templated":true}]}}