{"id":4847,"date":"2014-09-22T10:50:10","date_gmt":"2014-09-22T10:50:10","guid":{"rendered":"http:\/\/www.catedracosgaya.com.ar\/tipoblog\/2014\/?p=4847"},"modified":"2014-09-22T10:50:10","modified_gmt":"2014-09-22T10:50:10","slug":"la-infografia-en-el-periodico","status":"publish","type":"post","link":"https:\/\/www.catedracosgaya.com.ar\/tipoblog\/2014\/la-infografia-en-el-periodico\/","title":{"rendered":"La infograf\u00eda en el peri\u00f3dico"},"content":{"rendered":"<p>Desde el nacimiento de la fotograf\u00eda los mensajes visuales han cobrado progresivamente y en paralelo al desarrollo de las tecnolog\u00edas cada vez m\u00e1s auge, hasta el punto de que en la actualidad nos hallamos en un entorno eminentemente visual.<\/p>\n<p>Vivimos inmersos en un mundo que necesita gran cantidad de informaci\u00f3n, y la requiere de forma r\u00e1pida y constante.<\/p>\n<p>Las nuevas tecnolog\u00edas han transformado nuestra sociedad, los modos de vivir y pensar. Estos cambios han influido en las formas de presentar la informaci\u00f3n en los diferentes medios de comunicaci\u00f3n.<\/p>\n<p>Ante la r\u00e1pida supremac\u00eda de la imagen, los medios gr\u00e1ficos generaron nuevas herramientas con el fin de atraer a un p\u00fablico recursos innovadores para el lector caracterizado por una lectura veloz y fragmentada por medio \u00a0de la ejecuci\u00f3n de infograf\u00edas.<\/p>\n<p>La Infograf\u00eda es una combinaci\u00f3n de im\u00e1genes y textos .Tiene como objetivo informar de diferente manera por medio de dibujos, gr\u00e1ficos, esquemas, estad\u00edsticas y representaciones con el fin de agilizar los procesos de comprensi\u00f3n para comunicar visualmente, y de esta manera se \u00a0facilite la transmisi\u00f3n de la informaci\u00f3n.<\/p>\n<p>Surge como una herramienta que permite explicar temas dif\u00edciles para que, el receptor pueda comprender la noticia. Saca de la misma im\u00e1genes y la representa en peque\u00f1os y breves textos que hacen que la lectura sea mas r\u00e1pida y \u00e1gil.<\/p>\n<p>La labor did\u00e1ctica de la infograf\u00eda se encuentra en su propia capacidad de generar necesidades informativas, de completar referencias, relaciones y nuevas circunstancias para entender con m\u00e1s claridad la complejidad de una noticia.<\/p>\n<p>La realizaci\u00f3n de la misma es un trabajo combinado tanto de aquellas personas que conocen informaci\u00f3n sobre el tema (por ejemplo historiadores, periodistas, etc.) como dise\u00f1adores gr\u00e1ficos que se encargan, una vez que la informaci\u00f3n este recopilada y seleccionada, de disponerla\u00a0 de manera tal que los datos mas importantes o coloridos llamen la atenci\u00f3n de quien la lea o visualice.<\/p>\n<p>El dise\u00f1ador gr\u00e1fico tiene como prop\u00f3sito mostrar un contenido objetivo de acuerdo a la realidad . Se necesita ser simple , no recargar la composici\u00f3n y no distorsionar la informaci\u00f3n . Debe tener en cuanta ciertos elementos como la proporci\u00f3n, la perspectiva, las texturas , las formas, el color \u00a0y el paratexto.<\/p>\n<p>Hoy en d\u00eda, con el desarrollo de la tecnolog\u00eda esta forma de comunicaci\u00f3n se ha apropiado de herramientas audiovisuales que antes eran imposibles de utilizar para explicar una noticia en los medios tradicionales.<\/p>\n<p>Se puede decir\u00a0 que en las ultimas d\u00e9cadas del siglo XX han mostrado\u00a0 un desarrollo importante de las im\u00e1genes y lo visual , por lo cual comunicar a trav\u00e9s de este tipo de elementos es actualmente mucho mas com\u00fan\u00a0 y c\u00f3modo ya que de este modo se atrae mucho mas la atenci\u00f3n al lector.<\/p>\n\n\t\t<style type=\"text\/css\">\n\t\t\t#gallery-1 {\n\t\t\t\tmargin: auto;\n\t\t\t}\n\t\t\t#gallery-1 .gallery-item {\n\t\t\t\tfloat: left;\n\t\t\t\tmargin-top: 10px;\n\t\t\t\ttext-align: center;\n\t\t\t\twidth: 33%;\n\t\t\t}\n\t\t\t#gallery-1 img {\n\t\t\t\tborder: 2px solid #cfcfcf;\n\t\t\t}\n\t\t\t#gallery-1 .gallery-caption {\n\t\t\t\tmargin-left: 0;\n\t\t\t}\n\t\t\t\/* see gallery_shortcode() in wp-includes\/media.php *\/\n\t\t<\/style>\n\t\t<div data-carousel-extra='{&quot;blog_id&quot;:1,&quot;permalink&quot;:&quot;https:\/\/www.catedracosgaya.com.ar\/tipoblog\/2014\/la-infografia-en-el-periodico\/&quot;}' id='gallery-1' class='gallery galleryid-4847 gallery-columns-3 gallery-size-thumbnail'><dl class='gallery-item'>\n\t\t\t<dt class='gallery-icon portrait'>\n\t\t\t\t<a href='https:\/\/www.catedracosgaya.com.ar\/tipoblog\/2014\/la-infografia-en-el-periodico\/rubik\/'><img loading=\"lazy\" decoding=\"async\" width=\"150\" height=\"150\" src=\"https:\/\/www.catedracosgaya.com.ar\/tipoblog\/2014\/wp-content\/uploads\/2014\/09\/RUBIK-150x150.jpg\" class=\"attachment-thumbnail size-thumbnail\" alt=\"\" data-attachment-id=\"4853\" data-permalink=\"https:\/\/www.catedracosgaya.com.ar\/tipoblog\/2014\/la-infografia-en-el-periodico\/rubik\/\" data-orig-file=\"https:\/\/www.catedracosgaya.com.ar\/tipoblog\/2014\/wp-content\/uploads\/2014\/09\/RUBIK.jpg\" data-orig-size=\"1158,1600\" data-comments-opened=\"0\" data-image-meta=\"{&quot;aperture&quot;:&quot;0&quot;,&quot;credit&quot;:&quot;&quot;,&quot;camera&quot;:&quot;&quot;,&quot;caption&quot;:&quot;&quot;,&quot;created_timestamp&quot;:&quot;0&quot;,&quot;copyright&quot;:&quot;&quot;,&quot;focal_length&quot;:&quot;0&quot;,&quot;iso&quot;:&quot;0&quot;,&quot;shutter_speed&quot;:&quot;0&quot;,&quot;title&quot;:&quot;&quot;}\" data-image-title=\"RUBIK\" data-image-description=\"\" data-image-caption=\"\" data-large-file=\"https:\/\/www.catedracosgaya.com.ar\/tipoblog\/2014\/wp-content\/uploads\/2014\/09\/RUBIK-741x1024.jpg\" \/><\/a>\n\t\t\t<\/dt><\/dl><dl class='gallery-item'>\n\t\t\t<dt class='gallery-icon landscape'>\n\t\t\t\t<a href='https:\/\/www.catedracosgaya.com.ar\/tipoblog\/2014\/la-infografia-en-el-periodico\/info31\/'><img loading=\"lazy\" decoding=\"async\" width=\"150\" height=\"150\" src=\"https:\/\/www.catedracosgaya.com.ar\/tipoblog\/2014\/wp-content\/uploads\/2014\/09\/info31-150x150.png\" class=\"attachment-thumbnail size-thumbnail\" alt=\"\" data-attachment-id=\"4852\" data-permalink=\"https:\/\/www.catedracosgaya.com.ar\/tipoblog\/2014\/la-infografia-en-el-periodico\/info31\/\" data-orig-file=\"https:\/\/www.catedracosgaya.com.ar\/tipoblog\/2014\/wp-content\/uploads\/2014\/09\/info31.png\" data-orig-size=\"440,272\" data-comments-opened=\"0\" data-image-meta=\"{&quot;aperture&quot;:&quot;0&quot;,&quot;credit&quot;:&quot;&quot;,&quot;camera&quot;:&quot;&quot;,&quot;caption&quot;:&quot;&quot;,&quot;created_timestamp&quot;:&quot;0&quot;,&quot;copyright&quot;:&quot;&quot;,&quot;focal_length&quot;:&quot;0&quot;,&quot;iso&quot;:&quot;0&quot;,&quot;shutter_speed&quot;:&quot;0&quot;,&quot;title&quot;:&quot;&quot;}\" data-image-title=\"info\" data-image-description=\"\" data-image-caption=\"\" data-large-file=\"https:\/\/www.catedracosgaya.com.ar\/tipoblog\/2014\/wp-content\/uploads\/2014\/09\/info31.png\" \/><\/a>\n\t\t\t<\/dt><\/dl><dl class='gallery-item'>\n\t\t\t<dt class='gallery-icon landscape'>\n\t\t\t\t<a href='https:\/\/www.catedracosgaya.com.ar\/tipoblog\/2014\/la-infografia-en-el-periodico\/descarga\/'><img loading=\"lazy\" decoding=\"async\" width=\"150\" height=\"150\" src=\"https:\/\/www.catedracosgaya.com.ar\/tipoblog\/2014\/wp-content\/uploads\/2014\/09\/descarga-150x150.jpg\" class=\"attachment-thumbnail size-thumbnail\" alt=\"\" data-attachment-id=\"4848\" data-permalink=\"https:\/\/www.catedracosgaya.com.ar\/tipoblog\/2014\/la-infografia-en-el-periodico\/descarga\/\" data-orig-file=\"https:\/\/www.catedracosgaya.com.ar\/tipoblog\/2014\/wp-content\/uploads\/2014\/09\/descarga.jpg\" data-orig-size=\"323,156\" data-comments-opened=\"0\" data-image-meta=\"{&quot;aperture&quot;:&quot;0&quot;,&quot;credit&quot;:&quot;&quot;,&quot;camera&quot;:&quot;&quot;,&quot;caption&quot;:&quot;&quot;,&quot;created_timestamp&quot;:&quot;0&quot;,&quot;copyright&quot;:&quot;&quot;,&quot;focal_length&quot;:&quot;0&quot;,&quot;iso&quot;:&quot;0&quot;,&quot;shutter_speed&quot;:&quot;0&quot;,&quot;title&quot;:&quot;&quot;}\" data-image-title=\"Tipos de Infografias\" data-image-description=\"\" data-image-caption=\"\" data-large-file=\"https:\/\/www.catedracosgaya.com.ar\/tipoblog\/2014\/wp-content\/uploads\/2014\/09\/descarga.jpg\" \/><\/a>\n\t\t\t<\/dt><\/dl><br style=\"clear: both\" \/><dl class='gallery-item'>\n\t\t\t<dt class='gallery-icon landscape'>\n\t\t\t\t<a href='https:\/\/www.catedracosgaya.com.ar\/tipoblog\/2014\/la-infografia-en-el-periodico\/infografia_9066\/'><img loading=\"lazy\" decoding=\"async\" width=\"150\" height=\"150\" src=\"https:\/\/www.catedracosgaya.com.ar\/tipoblog\/2014\/wp-content\/uploads\/2014\/09\/infografia_9066-150x150.jpg\" class=\"attachment-thumbnail size-thumbnail\" alt=\"\" data-attachment-id=\"4849\" data-permalink=\"https:\/\/www.catedracosgaya.com.ar\/tipoblog\/2014\/la-infografia-en-el-periodico\/infografia_9066\/\" data-orig-file=\"https:\/\/www.catedracosgaya.com.ar\/tipoblog\/2014\/wp-content\/uploads\/2014\/09\/infografia_9066.jpg\" data-orig-size=\"1547,1224\" data-comments-opened=\"0\" data-image-meta=\"{&quot;aperture&quot;:&quot;0&quot;,&quot;credit&quot;:&quot;&quot;,&quot;camera&quot;:&quot;&quot;,&quot;caption&quot;:&quot;&quot;,&quot;created_timestamp&quot;:&quot;0&quot;,&quot;copyright&quot;:&quot;&quot;,&quot;focal_length&quot;:&quot;0&quot;,&quot;iso&quot;:&quot;0&quot;,&quot;shutter_speed&quot;:&quot;0&quot;,&quot;title&quot;:&quot;&quot;}\" data-image-title=\"infografia\" data-image-description=\"\" data-image-caption=\"\" data-large-file=\"https:\/\/www.catedracosgaya.com.ar\/tipoblog\/2014\/wp-content\/uploads\/2014\/09\/infografia_9066-1024x810.jpg\" \/><\/a>\n\t\t\t<\/dt><\/dl><dl class='gallery-item'>\n\t\t\t<dt class='gallery-icon landscape'>\n\t\t\t\t<a href='https:\/\/www.catedracosgaya.com.ar\/tipoblog\/2014\/la-infografia-en-el-periodico\/hiroshima01\/'><img loading=\"lazy\" decoding=\"async\" width=\"150\" height=\"150\" src=\"https:\/\/www.catedracosgaya.com.ar\/tipoblog\/2014\/wp-content\/uploads\/2014\/09\/hiroshima01-150x150.jpg\" class=\"attachment-thumbnail size-thumbnail\" alt=\"\" data-attachment-id=\"4854\" data-permalink=\"https:\/\/www.catedracosgaya.com.ar\/tipoblog\/2014\/la-infografia-en-el-periodico\/hiroshima01\/\" data-orig-file=\"https:\/\/www.catedracosgaya.com.ar\/tipoblog\/2014\/wp-content\/uploads\/2014\/09\/hiroshima01.jpg\" data-orig-size=\"1417,1039\" data-comments-opened=\"0\" data-image-meta=\"{&quot;aperture&quot;:&quot;0&quot;,&quot;credit&quot;:&quot;&quot;,&quot;camera&quot;:&quot;&quot;,&quot;caption&quot;:&quot;&quot;,&quot;created_timestamp&quot;:&quot;0&quot;,&quot;copyright&quot;:&quot;&quot;,&quot;focal_length&quot;:&quot;0&quot;,&quot;iso&quot;:&quot;0&quot;,&quot;shutter_speed&quot;:&quot;0&quot;,&quot;title&quot;:&quot;&quot;}\" data-image-title=\"infografia diario\" data-image-description=\"\" data-image-caption=\"\" data-large-file=\"https:\/\/www.catedracosgaya.com.ar\/tipoblog\/2014\/wp-content\/uploads\/2014\/09\/hiroshima01-1024x750.jpg\" \/><\/a>\n\t\t\t<\/dt><\/dl><dl class='gallery-item'>\n\t\t\t<dt class='gallery-icon portrait'>\n\t\t\t\t<a href='https:\/\/www.catedracosgaya.com.ar\/tipoblog\/2014\/la-infografia-en-el-periodico\/images-6\/'><img loading=\"lazy\" decoding=\"async\" width=\"150\" height=\"150\" src=\"https:\/\/www.catedracosgaya.com.ar\/tipoblog\/2014\/wp-content\/uploads\/2014\/09\/images2-150x150.jpg\" class=\"attachment-thumbnail size-thumbnail\" alt=\"\" srcset=\"https:\/\/www.catedracosgaya.com.ar\/tipoblog\/2014\/wp-content\/uploads\/2014\/09\/images2-150x150.jpg 150w, https:\/\/www.catedracosgaya.com.ar\/tipoblog\/2014\/wp-content\/uploads\/2014\/09\/images2.jpg 224w\" sizes=\"auto, (max-width: 150px) 100vw, 150px\" data-attachment-id=\"4856\" data-permalink=\"https:\/\/www.catedracosgaya.com.ar\/tipoblog\/2014\/la-infografia-en-el-periodico\/images-6\/\" data-orig-file=\"https:\/\/www.catedracosgaya.com.ar\/tipoblog\/2014\/wp-content\/uploads\/2014\/09\/images2.jpg\" data-orig-size=\"224,226\" data-comments-opened=\"0\" data-image-meta=\"{&quot;aperture&quot;:&quot;0&quot;,&quot;credit&quot;:&quot;&quot;,&quot;camera&quot;:&quot;&quot;,&quot;caption&quot;:&quot;&quot;,&quot;created_timestamp&quot;:&quot;0&quot;,&quot;copyright&quot;:&quot;&quot;,&quot;focal_length&quot;:&quot;0&quot;,&quot;iso&quot;:&quot;0&quot;,&quot;shutter_speed&quot;:&quot;0&quot;,&quot;title&quot;:&quot;&quot;}\" data-image-title=\"images\" data-image-description=\"\" data-image-caption=\"\" data-large-file=\"https:\/\/www.catedracosgaya.com.ar\/tipoblog\/2014\/wp-content\/uploads\/2014\/09\/images2.jpg\" \/><\/a>\n\t\t\t<\/dt><\/dl><br style=\"clear: both\" \/><dl class='gallery-item'>\n\t\t\t<dt class='gallery-icon landscape'>\n\t\t\t\t<a href='https:\/\/www.catedracosgaya.com.ar\/tipoblog\/2014\/la-infografia-en-el-periodico\/19363_de_8959422725_7245979a38_o\/'><img loading=\"lazy\" decoding=\"async\" width=\"150\" height=\"150\" src=\"https:\/\/www.catedracosgaya.com.ar\/tipoblog\/2014\/wp-content\/uploads\/2014\/09\/19363_de_8959422725_7245979a38_o-150x150.jpg\" class=\"attachment-thumbnail size-thumbnail\" alt=\"\" data-attachment-id=\"4857\" data-permalink=\"https:\/\/www.catedracosgaya.com.ar\/tipoblog\/2014\/la-infografia-en-el-periodico\/19363_de_8959422725_7245979a38_o\/\" data-orig-file=\"https:\/\/www.catedracosgaya.com.ar\/tipoblog\/2014\/wp-content\/uploads\/2014\/09\/19363_de_8959422725_7245979a38_o.jpg\" data-orig-size=\"600,504\" data-comments-opened=\"0\" data-image-meta=\"{&quot;aperture&quot;:&quot;0&quot;,&quot;credit&quot;:&quot;&quot;,&quot;camera&quot;:&quot;&quot;,&quot;caption&quot;:&quot;&quot;,&quot;created_timestamp&quot;:&quot;0&quot;,&quot;copyright&quot;:&quot;&quot;,&quot;focal_length&quot;:&quot;0&quot;,&quot;iso&quot;:&quot;0&quot;,&quot;shutter_speed&quot;:&quot;0&quot;,&quot;title&quot;:&quot;&quot;}\" data-image-title=\"19363_de_8959422725_7245979a38_o\" data-image-description=\"\" data-image-caption=\"\" data-large-file=\"https:\/\/www.catedracosgaya.com.ar\/tipoblog\/2014\/wp-content\/uploads\/2014\/09\/19363_de_8959422725_7245979a38_o.jpg\" \/><\/a>\n\t\t\t<\/dt><\/dl>\n\t\t\t<br style='clear: both' \/>\n\t\t<\/div>\n\n<p>&nbsp;<\/p>\n","protected":false},"excerpt":{"rendered":"<p>Desde el nacimiento de la fotograf\u00eda los mensajes visuales han cobrado progresivamente y en paralelo al desarrollo de las tecnolog\u00edas cada vez m\u00e1s auge, hasta el punto de que en la actualidad nos hallamos en [&hellip;]<\/p>\n","protected":false},"author":301,"featured_media":4858,"comment_status":"closed","ping_status":"closed","sticky":false,"template":"","format":"standard","meta":{"jetpack_post_was_ever_published":false,"_jetpack_newsletter_access":"","_jetpack_dont_email_post_to_subs":false,"_jetpack_newsletter_tier_id":0,"_jetpack_memberships_contains_paywalled_content":false,"_jetpack_memberships_contains_paid_content":false,"footnotes":""},"categories":[5],"tags":[13,19,21,248,84],"class_list":["post-4847","post","type-post","status-publish","format-standard","has-post-thumbnail","hentry","category-periodico","tag-color","tag-diario","tag-grilla","tag-identidad-visual","tag-imagen"],"jetpack_featured_media_url":"https:\/\/www.catedracosgaya.com.ar\/tipoblog\/2014\/wp-content\/uploads\/2014\/09\/estadioalianzarenapz2.gif","jetpack_shortlink":"https:\/\/wp.me\/p4rrRH-1gb","jetpack_sharing_enabled":true,"_links":{"self":[{"href":"https:\/\/www.catedracosgaya.com.ar\/tipoblog\/2014\/wp-json\/wp\/v2\/posts\/4847","targetHints":{"allow":["GET"]}}],"collection":[{"href":"https:\/\/www.catedracosgaya.com.ar\/tipoblog\/2014\/wp-json\/wp\/v2\/posts"}],"about":[{"href":"https:\/\/www.catedracosgaya.com.ar\/tipoblog\/2014\/wp-json\/wp\/v2\/types\/post"}],"author":[{"embeddable":true,"href":"https:\/\/www.catedracosgaya.com.ar\/tipoblog\/2014\/wp-json\/wp\/v2\/users\/301"}],"replies":[{"embeddable":true,"href":"https:\/\/www.catedracosgaya.com.ar\/tipoblog\/2014\/wp-json\/wp\/v2\/comments?post=4847"}],"version-history":[{"count":4,"href":"https:\/\/www.catedracosgaya.com.ar\/tipoblog\/2014\/wp-json\/wp\/v2\/posts\/4847\/revisions"}],"predecessor-version":[{"id":4861,"href":"https:\/\/www.catedracosgaya.com.ar\/tipoblog\/2014\/wp-json\/wp\/v2\/posts\/4847\/revisions\/4861"}],"wp:featuredmedia":[{"embeddable":true,"href":"https:\/\/www.catedracosgaya.com.ar\/tipoblog\/2014\/wp-json\/wp\/v2\/media\/4858"}],"wp:attachment":[{"href":"https:\/\/www.catedracosgaya.com.ar\/tipoblog\/2014\/wp-json\/wp\/v2\/media?parent=4847"}],"wp:term":[{"taxonomy":"category","embeddable":true,"href":"https:\/\/www.catedracosgaya.com.ar\/tipoblog\/2014\/wp-json\/wp\/v2\/categories?post=4847"},{"taxonomy":"post_tag","embeddable":true,"href":"https:\/\/www.catedracosgaya.com.ar\/tipoblog\/2014\/wp-json\/wp\/v2\/tags?post=4847"}],"curies":[{"name":"wp","href":"https:\/\/api.w.org\/{rel}","templated":true}]}}