{"id":4823,"date":"2014-09-22T15:50:46","date_gmt":"2014-09-22T15:50:46","guid":{"rendered":"http:\/\/www.catedracosgaya.com.ar\/tipoblog\/2014\/?p=4823"},"modified":"2014-09-29T01:36:57","modified_gmt":"2014-09-29T01:36:57","slug":"periodico-de-lo-comun-a-lo-raro","status":"publish","type":"post","link":"https:\/\/www.catedracosgaya.com.ar\/tipoblog\/2014\/periodico-de-lo-comun-a-lo-raro\/","title":{"rendered":"Peri\u00f3dico: De lo com\u00fan a lo raro!"},"content":{"rendered":"<p><strong>El mundo del peri\u00f3dico\u00a0no es tan simple como uno piensa. Y su uso no es solo para informar.<\/strong><\/p>\n<p>Tenemos que dise\u00f1ar un peri\u00f3dico \u00a0y yo mucha\u00a0idea sobre ellos no ten\u00eda. Nunca me pare en un kiosco a observarlo, mucho menos compre uno. Me topo con ellos en casa. El 90% de las veces lo veo en el suelo, a veces me paro un momento a ver algo que me llamo la atenci\u00f3n, tal vez una foto o solo el titulo, no cuenta leer las notas porque la raz\u00f3n por la que est\u00e1 en el suelo es que es el \u201cba\u00f1o\u201d de mi perrita.<\/p>\n<p>En fin, los Diarios viejos,se usan para muchas cosas y casi nunca para leer. Ba\u00f1o, limpia-vidrios, cama para h\u00e1mster, relleno de bolsos, empapelado de cajas, todo lo que se te ocurra. Lo s\u00e9 es como un insulto para todo el trabajo que lleva hacerlo pero si son pasados mucho no sirven. <a href=\"http:\/\/www.catedracosgaya.com.ar\/tipoblog\/2014\/wp-content\/uploads\/2014\/09\/Diarios-generico1.jpg\"><img loading=\"lazy\" decoding=\"async\" data-attachment-id=\"4824\" data-permalink=\"https:\/\/www.catedracosgaya.com.ar\/tipoblog\/2014\/periodico-de-lo-comun-a-lo-raro\/diarios-generico1\/\" data-orig-file=\"https:\/\/www.catedracosgaya.com.ar\/tipoblog\/2014\/wp-content\/uploads\/2014\/09\/Diarios-generico1.jpg\" data-orig-size=\"816,549\" data-comments-opened=\"0\" data-image-meta=\"{&quot;aperture&quot;:&quot;0&quot;,&quot;credit&quot;:&quot;&quot;,&quot;camera&quot;:&quot;&quot;,&quot;caption&quot;:&quot;&quot;,&quot;created_timestamp&quot;:&quot;0&quot;,&quot;copyright&quot;:&quot;&quot;,&quot;focal_length&quot;:&quot;0&quot;,&quot;iso&quot;:&quot;0&quot;,&quot;shutter_speed&quot;:&quot;0&quot;,&quot;title&quot;:&quot;&quot;}\" data-image-title=\"Diarios-generico[1]\" data-image-description=\"\" data-image-caption=\"\" data-large-file=\"https:\/\/www.catedracosgaya.com.ar\/tipoblog\/2014\/wp-content\/uploads\/2014\/09\/Diarios-generico1.jpg\" class=\"alignnone wp-image-4824 \" src=\"http:\/\/www.catedracosgaya.com.ar\/tipoblog\/2014\/wp-content\/uploads\/2014\/09\/Diarios-generico1.jpg\" alt=\"Diarios-generico[1]\" width=\"588\" height=\"396\" srcset=\"https:\/\/www.catedracosgaya.com.ar\/tipoblog\/2014\/wp-content\/uploads\/2014\/09\/Diarios-generico1.jpg 816w, https:\/\/www.catedracosgaya.com.ar\/tipoblog\/2014\/wp-content\/uploads\/2014\/09\/Diarios-generico1-300x201.jpg 300w\" sizes=\"auto, (max-width: 588px) 100vw, 588px\" \/><\/a><\/p>\n<p>Dejando de lado la cantidad de formas que se puede rehusar un diario, voy a hablar de la principal <strong>\u201cInformar\u201d<\/strong>. La mayor\u00eda de las personas quiere estar informado, lo cierto es que a m\u00ed no me agrada leer sobre cosas malas. Muy pocas son buenas. Esa es la raz\u00f3n de que nunca me detuviera a analizarlo. Con este trabajo aprend\u00ed a hacerlo poco a poco, sus formas y cuestiones, el uso de la tipograf\u00eda, la grilla que ordena, incluso los m\u00ednimos detalles que probablemente la gente normal no se para a pensar ni un segundo (simplemente los\u00a0ven sin ser conscientes del poder que tienen)me refiero a las miscel\u00e1neas, esos recursos que nos ayudan a entender el recorrido, los destacados y partes que necesitan m\u00e1s atenci\u00f3n. <a href=\"http:\/\/www.catedracosgaya.com.ar\/tipoblog\/2014\/wp-content\/uploads\/2014\/09\/portada+de+un+periodico1.jpg\"><img loading=\"lazy\" decoding=\"async\" data-attachment-id=\"4825\" data-permalink=\"https:\/\/www.catedracosgaya.com.ar\/tipoblog\/2014\/periodico-de-lo-comun-a-lo-raro\/portadadeunperiodico1\/\" data-orig-file=\"https:\/\/www.catedracosgaya.com.ar\/tipoblog\/2014\/wp-content\/uploads\/2014\/09\/portada+de+un+periodico1.jpg\" data-orig-size=\"415,512\" data-comments-opened=\"0\" data-image-meta=\"{&quot;aperture&quot;:&quot;0&quot;,&quot;credit&quot;:&quot;&quot;,&quot;camera&quot;:&quot;&quot;,&quot;caption&quot;:&quot;&quot;,&quot;created_timestamp&quot;:&quot;0&quot;,&quot;copyright&quot;:&quot;&quot;,&quot;focal_length&quot;:&quot;0&quot;,&quot;iso&quot;:&quot;0&quot;,&quot;shutter_speed&quot;:&quot;0&quot;,&quot;title&quot;:&quot;&quot;}\" data-image-title=\"portada+de+un+periodico[1]\" data-image-description=\"\" data-image-caption=\"\" data-large-file=\"https:\/\/www.catedracosgaya.com.ar\/tipoblog\/2014\/wp-content\/uploads\/2014\/09\/portada+de+un+periodico1.jpg\" class=\"alignnone  wp-image-4825\" src=\"http:\/\/www.catedracosgaya.com.ar\/tipoblog\/2014\/wp-content\/uploads\/2014\/09\/portada+de+un+periodico1-243x300.jpg\" alt=\"portada+de+un+periodico[1]\" width=\"218\" height=\"269\" srcset=\"https:\/\/www.catedracosgaya.com.ar\/tipoblog\/2014\/wp-content\/uploads\/2014\/09\/portada+de+un+periodico1-243x300.jpg 243w, https:\/\/www.catedracosgaya.com.ar\/tipoblog\/2014\/wp-content\/uploads\/2014\/09\/portada+de+un+periodico1.jpg 415w\" sizes=\"auto, (max-width: 218px) 100vw, 218px\" \/><\/a><a href=\"http:\/\/www.catedracosgaya.com.ar\/tipoblog\/2014\/wp-content\/uploads\/2014\/09\/311.jpg\"><img loading=\"lazy\" decoding=\"async\" data-attachment-id=\"4826\" data-permalink=\"https:\/\/www.catedracosgaya.com.ar\/tipoblog\/2014\/periodico-de-lo-comun-a-lo-raro\/attachment\/311\/\" data-orig-file=\"https:\/\/www.catedracosgaya.com.ar\/tipoblog\/2014\/wp-content\/uploads\/2014\/09\/311.jpg\" data-orig-size=\"809,507\" data-comments-opened=\"0\" data-image-meta=\"{&quot;aperture&quot;:&quot;0&quot;,&quot;credit&quot;:&quot;&quot;,&quot;camera&quot;:&quot;&quot;,&quot;caption&quot;:&quot;&quot;,&quot;created_timestamp&quot;:&quot;0&quot;,&quot;copyright&quot;:&quot;&quot;,&quot;focal_length&quot;:&quot;0&quot;,&quot;iso&quot;:&quot;0&quot;,&quot;shutter_speed&quot;:&quot;0&quot;,&quot;title&quot;:&quot;&quot;}\" data-image-title=\"31[1]\" data-image-description=\"\" data-image-caption=\"\" data-large-file=\"https:\/\/www.catedracosgaya.com.ar\/tipoblog\/2014\/wp-content\/uploads\/2014\/09\/311.jpg\" class=\"alignnone wp-image-4826\" src=\"http:\/\/www.catedracosgaya.com.ar\/tipoblog\/2014\/wp-content\/uploads\/2014\/09\/311-300x188.jpg\" alt=\"31[1]\" width=\"406\" height=\"255\" srcset=\"https:\/\/www.catedracosgaya.com.ar\/tipoblog\/2014\/wp-content\/uploads\/2014\/09\/311-300x188.jpg 300w, https:\/\/www.catedracosgaya.com.ar\/tipoblog\/2014\/wp-content\/uploads\/2014\/09\/311.jpg 809w\" sizes=\"auto, (max-width: 406px) 100vw, 406px\" \/><\/a><\/p>\n<p>Es asombroso todo el trabajo riguroso que hay detr\u00e1s de un diario y la cantidad de personas que lo conforman. Creo que a grandes rasgos los diarios se pueden ver muy parecidos o eso cre\u00eda yo. Pero no, tienen muchas diferencias desde el publico al cual van dirigidos, la tem\u00e1tica, el formato, la tipo, etc. Tienen una gran identidad si somos capaces de analizarlos con atenci\u00f3n. Es muy importante entender esto para poder tener un punto de partida m\u00e1s estable en nuestro tp y de ah\u00ed ir puliendo cada paso que nos va a llevar a la entrega final.<\/p>\n<p><strong>De lo mas raro<\/strong>!<\/p>\n<p>Navegando por internet, realizando un poco de investigaci\u00f3n, encontr\u00e9 unos Diarios considerados los m\u00e1s raros del mundo. Me dio mucha curiosidad que se realizaran estos tan<em> \u201cdiferentes\u201d<\/em>, creo que muchas personas consideran los diarios que conocemos un tanto aburridos y uno igual al otro. A las personas que piensan eso les dir\u00eda con una sonrisa que estudien Dise\u00f1o,<em> las cosas no ser\u00e1n lo mismo nunca m\u00e1s<\/em>!<\/p>\n<p>&nbsp;<\/p>\n<p><strong>LOS\u00a0<\/strong><strong>DIARIOS M\u00c1S RAROS DEL MUNDO:<\/strong><\/p>\n<p><strong>5\u00ba \u2014 \u00abThe Musalman\u00bb (India)<\/strong><\/p>\n<p>Tiene un punto de romanticismo, casi de locura, pero es real: se trata\u00a0del\u00a0<a href=\"http:\/\/en.wikipedia.org\/wiki\/The_Musalman\">\u00fanico\u00a0peri\u00f3dico del mundo escrito a mano<\/a>. Se publica\u00a0en idioma urdu\u00a0desde 1927 en la regi\u00f3n india de Chennai. Por fortuna para los cal\u00edgrafos de este curioso\u00a0vespertino, solo tiene cuatro p\u00e1ginas. Un detalle encantador: en la parte inferior derecha de la portada suele dejar un hueco en blanco\u2026 por si surgen noticias de \u00faltima hora.<\/p>\n<p><a href=\"https:\/\/www.youtube.com\/watch?v=LUmdx2YHGcA\">https:\/\/www.youtube.com\/watch?v=LUmdx2YHGcA<\/a><\/p>\n<p>&nbsp;<\/p>\n<p><strong>4\u00ba \u2014 \u00abThe Budget\u00bb (Estados Unidos)<\/strong><\/p>\n<p>Otro peri\u00f3dico sorprendente por su car\u00e1cter anacr\u00f3nico. Fundado en 1890,\u00a0<a href=\"http:\/\/en.wikipedia.org\/wiki\/The_Budget\"><em>The Budget<\/em><\/a>\u00a0es un\u00a0semanario dirigido\u00a0a las comunidades\u00a0amish y menonitas de los estados de Minnesota y Ohio, en Estados Unidos. Estas comunidades abominan de las nuevas\u00a0tecnolog\u00edas, as\u00ed que su modo de producci\u00f3n y distribuci\u00f3n es plenamente artesanal: se edita con imprentas cl\u00e1sicas y se distribuye en carros tirados por caballos. Por supuesto, no dispone de ediciones para web, m\u00f3viles o tabletas. A pesar de eso,\u00a0<a href=\"http:\/\/www.abc.es\/medios\/20130911\/abci-periodico-amish-gana-crisis-201309101824.html\">su \u00e9xito es incontestable<\/a>: en un mercado potencial de 300.000 amish y menonitas,\u00a0<em>The Budget<\/em>\u00a0cuenta con 18.000 suscriptores. Un\u00a0ejemplo delicioso de \u00ab<em>slow journalism<\/em>\u00bb.<\/p>\n<p><a href=\"http:\/\/www.catedracosgaya.com.ar\/tipoblog\/2014\/wp-content\/uploads\/2014\/09\/budget-periodico-amish-digital1.jpg\"><img loading=\"lazy\" decoding=\"async\" data-attachment-id=\"4827\" data-permalink=\"https:\/\/www.catedracosgaya.com.ar\/tipoblog\/2014\/periodico-de-lo-comun-a-lo-raro\/layout-1\/\" data-orig-file=\"https:\/\/www.catedracosgaya.com.ar\/tipoblog\/2014\/wp-content\/uploads\/2014\/09\/budget-periodico-amish-digital1.jpg\" data-orig-size=\"464,767\" data-comments-opened=\"0\" data-image-meta=\"{&quot;aperture&quot;:&quot;0&quot;,&quot;credit&quot;:&quot;Budget Newspaper&quot;,&quot;camera&quot;:&quot;&quot;,&quot;caption&quot;:&quot;&quot;,&quot;created_timestamp&quot;:&quot;0&quot;,&quot;copyright&quot;:&quot;&quot;,&quot;focal_length&quot;:&quot;0&quot;,&quot;iso&quot;:&quot;0&quot;,&quot;shutter_speed&quot;:&quot;0&quot;,&quot;title&quot;:&quot;Layout 1&quot;}\" data-image-title=\"Layout 1\" data-image-description=\"\" data-image-caption=\"\" data-large-file=\"https:\/\/www.catedracosgaya.com.ar\/tipoblog\/2014\/wp-content\/uploads\/2014\/09\/budget-periodico-amish-digital1.jpg\" class=\"alignnone  wp-image-4827\" src=\"http:\/\/www.catedracosgaya.com.ar\/tipoblog\/2014\/wp-content\/uploads\/2014\/09\/budget-periodico-amish-digital1-181x300.jpg\" alt=\"Layout 1\" width=\"227\" height=\"376\" srcset=\"https:\/\/www.catedracosgaya.com.ar\/tipoblog\/2014\/wp-content\/uploads\/2014\/09\/budget-periodico-amish-digital1-181x300.jpg 181w, https:\/\/www.catedracosgaya.com.ar\/tipoblog\/2014\/wp-content\/uploads\/2014\/09\/budget-periodico-amish-digital1.jpg 464w\" sizes=\"auto, (max-width: 227px) 100vw, 227px\" \/><\/a><\/p>\n<p><strong>3\u00ba \u2014 Todos los diarios de Pakist\u00e1n. Todos<\/strong>.<\/p>\n<p>Si quieres saltar\u00a0a\u00a0un universo\u00a0paralelo, hacer un\u00a0<a style=\"color: #009ac3;\" title=\"&quot;Un viaje a otra dimensi\u00f3n&quot; \u2014 Encajabaja, 29\/5\/2013\" href=\"http:\/\/www.encajabaja.com\/2013\/05\/un-viaje-otra-dimension.html\">viaje\u00a0a otra dimensi\u00f3n period\u00edstica<\/a>, mira\u00a0a los\u00a0<a style=\"color: #009ac3;\" title=\"http:\/\/www.epaper.pk\" href=\"http:\/\/www.epaper.pk\/\">diarios de Pakist\u00e1n<\/a>. Te garantizo una experiencia lis\u00e9rgica. Da igual cu\u00e1l\u00a0elijas: desde el occidentalizado \u2014es un decir\u2014\u00a0<a style=\"color: #009ac3;\" title=\"http:\/\/www.dnewscoverage.com\/\" href=\"http:\/\/www.dnewscoverage.com\/\">Daily News Coverage<\/a>, hasta los\u00a0m\u00e1s \u2018pata negra\u2019\u00a0<a style=\"color: #009ac3;\" title=\"http:\/\/nawaiwaqt.epaper.pk\/\" href=\"http:\/\/nawaiwaqt.epaper.pk\/\">Nawaiwaqt<\/a>,\u00a0<a style=\"color: #009ac3;\" href=\"http:\/\/mashriq.epaper.pk\/\">Mashriq<\/a>\u00a0o\u00a0<a style=\"color: #009ac3;\" title=\"http:\/\/khabrain.epaper.pk\/\" href=\"http:\/\/khabrain.epaper.pk\/\">Khabrain<\/a>, una visita a esas publicaciones te har\u00e1 darte cuenta de\u00a0que hay formas period\u00edsticas muy distintas de las que estamos acostumbrados en occidente.<\/p>\n<p><a href=\"http:\/\/www.catedracosgaya.com.ar\/tipoblog\/2014\/wp-content\/uploads\/2014\/09\/20130912_pakistan-618x102411.jpg\"><img loading=\"lazy\" decoding=\"async\" data-attachment-id=\"4835\" data-permalink=\"https:\/\/www.catedracosgaya.com.ar\/tipoblog\/2014\/periodico-de-lo-comun-a-lo-raro\/20130912_pakistan-618x10241-2\/\" data-orig-file=\"https:\/\/www.catedracosgaya.com.ar\/tipoblog\/2014\/wp-content\/uploads\/2014\/09\/20130912_pakistan-618x102411.jpg\" data-orig-size=\"618,1024\" data-comments-opened=\"0\" data-image-meta=\"{&quot;aperture&quot;:&quot;0&quot;,&quot;credit&quot;:&quot;&quot;,&quot;camera&quot;:&quot;&quot;,&quot;caption&quot;:&quot;&quot;,&quot;created_timestamp&quot;:&quot;0&quot;,&quot;copyright&quot;:&quot;&quot;,&quot;focal_length&quot;:&quot;0&quot;,&quot;iso&quot;:&quot;0&quot;,&quot;shutter_speed&quot;:&quot;0&quot;,&quot;title&quot;:&quot;&quot;}\" data-image-title=\"20130912_pakistan-618&amp;#215;1024[1]\" data-image-description=\"\" data-image-caption=\"\" data-large-file=\"https:\/\/www.catedracosgaya.com.ar\/tipoblog\/2014\/wp-content\/uploads\/2014\/09\/20130912_pakistan-618x102411.jpg\" class=\"alignnone  wp-image-4835\" src=\"http:\/\/www.catedracosgaya.com.ar\/tipoblog\/2014\/wp-content\/uploads\/2014\/09\/20130912_pakistan-618x102411-181x300.jpg\" alt=\"20130912_pakistan-618x1024[1]\" width=\"224\" height=\"372\" srcset=\"https:\/\/www.catedracosgaya.com.ar\/tipoblog\/2014\/wp-content\/uploads\/2014\/09\/20130912_pakistan-618x102411-181x300.jpg 181w, https:\/\/www.catedracosgaya.com.ar\/tipoblog\/2014\/wp-content\/uploads\/2014\/09\/20130912_pakistan-618x102411.jpg 618w\" sizes=\"auto, (max-width: 224px) 100vw, 224px\" \/><\/a><\/p>\n<p><strong>2\u00ba \u2014 \u00abDaily Talk\u00bb (Liberia)<\/strong><\/p>\n<p>Cuando\u00a0las estrecheces econ\u00f3micas\u00a0aprietan, los peri\u00f3dicos occidentales\u00a0suelen\u00a0renunciar a muchas cosas:\u00a0reducen el n\u00famero de secciones, restringen su\u00a0\u00e1rea de distribuci\u00f3n,\u00a0limitan los\u00a0d\u00edas de\u00a0aparici\u00f3n. Ahora bien,\u00a0all\u00ed donde\u00a0las circunstancias son realmente\u00a0dif\u00edciles, hay\u00a0peri\u00f3dicos que llegan a\u00a0despojarse de lo\u00a0aparentemente\u00a0irrenunciable: su soporte. En Monrovia, capital de Liberia, existe\u00a0desde hace a\u00f1os un diario\u00a0callejero llamado\u00a0<em><a style=\"color: #009ac3;\" title=\"\u00abDaily Talk\u00bb \u2014 Wikipedia\" href=\"http:\/\/en.wikipedia.org\/wiki\/The_Daily_Talk\">Daily Talk<\/a><\/em>\u00a0que muestra las noticias en tablones. La idea no es nueva:\u00a0<a style=\"color: #009ac3;\" title=\"&quot;Un peri\u00f3dico de dos mil a\u00f1os&quot;, salaverria.es, 9\/9\/2013\" href=\"http:\/\/www.salaverria.es\/blog\/2013\/09\/09\/un-periodico-de-dos-mil-anos\/\">tiene m\u00e1s de dos mil a\u00f1os<\/a>. La inventaron los antiguos romanos con sus\u00a0<em>Acta Diurna.<\/em><\/p>\n<p><a href=\"http:\/\/www.catedracosgaya.com.ar\/tipoblog\/2014\/wp-content\/uploads\/2014\/09\/The_Daily_Talk-1024x76812.jpg\"><img loading=\"lazy\" decoding=\"async\" data-attachment-id=\"4864\" data-permalink=\"https:\/\/www.catedracosgaya.com.ar\/tipoblog\/2014\/periodico-de-lo-comun-a-lo-raro\/the_daily_talk-1024x7681-3\/\" data-orig-file=\"https:\/\/www.catedracosgaya.com.ar\/tipoblog\/2014\/wp-content\/uploads\/2014\/09\/The_Daily_Talk-1024x76812.jpg\" data-orig-size=\"1024,768\" data-comments-opened=\"0\" data-image-meta=\"{&quot;aperture&quot;:&quot;5.6&quot;,&quot;credit&quot;:&quot;&quot;,&quot;camera&quot;:&quot;CD MAVICA&quot;,&quot;caption&quot;:&quot;&quot;,&quot;created_timestamp&quot;:&quot;1134122043&quot;,&quot;copyright&quot;:&quot;&quot;,&quot;focal_length&quot;:&quot;19.2&quot;,&quot;iso&quot;:&quot;100&quot;,&quot;shutter_speed&quot;:&quot;0.004&quot;,&quot;title&quot;:&quot;&quot;}\" data-image-title=\"The_Daily_Talk-1024&amp;#215;768[1]\" data-image-description=\"\" data-image-caption=\"\" data-large-file=\"https:\/\/www.catedracosgaya.com.ar\/tipoblog\/2014\/wp-content\/uploads\/2014\/09\/The_Daily_Talk-1024x76812.jpg\" class=\"alignnone size-medium wp-image-4864\" src=\"http:\/\/www.catedracosgaya.com.ar\/tipoblog\/2014\/wp-content\/uploads\/2014\/09\/The_Daily_Talk-1024x76812-300x225.jpg\" alt=\"The_Daily_Talk-1024x768[1]\" width=\"300\" height=\"225\" srcset=\"https:\/\/www.catedracosgaya.com.ar\/tipoblog\/2014\/wp-content\/uploads\/2014\/09\/The_Daily_Talk-1024x76812-300x225.jpg 300w, https:\/\/www.catedracosgaya.com.ar\/tipoblog\/2014\/wp-content\/uploads\/2014\/09\/The_Daily_Talk-1024x76812.jpg 1024w\" sizes=\"auto, (max-width: 300px) 100vw, 300px\" \/><\/a><\/p>\n<h3><strong>1\u00ba \u2014 \u00abLa Bougie du Sapeur\u00bb (Francia)<\/strong><\/h3>\n<p>Para buscar rarezas period\u00edsticas no hace falta irse hasta\u00a0los confines\u00a0del mundo. Algunas\u00a0las tenemos justo al lado. Aunque eso s\u00ed, a veces hay que esperar\u00a0<em>un poco<\/em>\u00a0para paladearlas. Es lo que ocurre con el que, a juicio de varios, es\u00a0el peri\u00f3dico m\u00e1s raro del mundo: el franc\u00e9s\u00a0<a style=\"color: #009ac3;\" title=\"\u00abLa Bougie du Sapeur\u00bb \u2014 Wikipedia\" href=\"http:\/\/es.wikipedia.org\/wiki\/La_Bougie_du_Sapeur\">La Bougie du Sapeur<\/a>. \u00bfY qu\u00e9 lo hace tan extra\u00f1o? Su periodicidad:\u00a0solo se publica los 29 de febrero.\u00a0Editado desde 1980, hasta ahora suma nueve n\u00fameros; si quieres, puedes ir reservando el pr\u00f3ximo ejemplar\u00a0para\u00a02016.<\/p>\n<p><a href=\"http:\/\/www.catedracosgaya.com.ar\/tipoblog\/2014\/wp-content\/uploads\/2014\/09\/labougiedusapeur912.jpg\"><img loading=\"lazy\" decoding=\"async\" data-attachment-id=\"4865\" data-permalink=\"https:\/\/www.catedracosgaya.com.ar\/tipoblog\/2014\/periodico-de-lo-comun-a-lo-raro\/labougiedusapeur91-3\/\" data-orig-file=\"https:\/\/www.catedracosgaya.com.ar\/tipoblog\/2014\/wp-content\/uploads\/2014\/09\/labougiedusapeur912.jpg\" data-orig-size=\"1344,1987\" data-comments-opened=\"0\" data-image-meta=\"{&quot;aperture&quot;:&quot;0&quot;,&quot;credit&quot;:&quot;&quot;,&quot;camera&quot;:&quot;&quot;,&quot;caption&quot;:&quot;&quot;,&quot;created_timestamp&quot;:&quot;0&quot;,&quot;copyright&quot;:&quot;&quot;,&quot;focal_length&quot;:&quot;0&quot;,&quot;iso&quot;:&quot;0&quot;,&quot;shutter_speed&quot;:&quot;0&quot;,&quot;title&quot;:&quot;&quot;}\" data-image-title=\"labougiedusapeur9[1]\" data-image-description=\"\" data-image-caption=\"\" data-large-file=\"https:\/\/www.catedracosgaya.com.ar\/tipoblog\/2014\/wp-content\/uploads\/2014\/09\/labougiedusapeur912-692x1024.jpg\" class=\"alignnone size-medium wp-image-4865\" src=\"http:\/\/www.catedracosgaya.com.ar\/tipoblog\/2014\/wp-content\/uploads\/2014\/09\/labougiedusapeur912-202x300.jpg\" alt=\"labougiedusapeur9[1]\" width=\"202\" height=\"300\" srcset=\"https:\/\/www.catedracosgaya.com.ar\/tipoblog\/2014\/wp-content\/uploads\/2014\/09\/labougiedusapeur912-202x300.jpg 202w, https:\/\/www.catedracosgaya.com.ar\/tipoblog\/2014\/wp-content\/uploads\/2014\/09\/labougiedusapeur912-692x1024.jpg 692w, https:\/\/www.catedracosgaya.com.ar\/tipoblog\/2014\/wp-content\/uploads\/2014\/09\/labougiedusapeur912.jpg 1344w\" sizes=\"auto, (max-width: 202px) 100vw, 202px\" \/><\/a><\/p>\n","protected":false},"excerpt":{"rendered":"<p>El mundo del peri\u00f3dico\u00a0no es tan simple como uno piensa. Y su uso no es solo para informar. Tenemos que dise\u00f1ar un peri\u00f3dico \u00a0y yo mucha\u00a0idea sobre ellos no ten\u00eda. Nunca me pare en un [&hellip;]<\/p>\n","protected":false},"author":302,"featured_media":4987,"comment_status":"closed","ping_status":"closed","sticky":false,"template":"","format":"standard","meta":{"jetpack_post_was_ever_published":false,"_jetpack_newsletter_access":"","_jetpack_dont_email_post_to_subs":false,"_jetpack_newsletter_tier_id":0,"_jetpack_memberships_contains_paywalled_content":false,"_jetpack_memberships_contains_paid_content":false,"footnotes":""},"categories":[5],"tags":[],"class_list":["post-4823","post","type-post","status-publish","format-standard","has-post-thumbnail","hentry","category-periodico"],"jetpack_featured_media_url":"https:\/\/www.catedracosgaya.com.ar\/tipoblog\/2014\/wp-content\/uploads\/2014\/09\/Diarios-generico11.jpg","jetpack_shortlink":"https:\/\/wp.me\/p4rrRH-1fN","jetpack_sharing_enabled":true,"_links":{"self":[{"href":"https:\/\/www.catedracosgaya.com.ar\/tipoblog\/2014\/wp-json\/wp\/v2\/posts\/4823","targetHints":{"allow":["GET"]}}],"collection":[{"href":"https:\/\/www.catedracosgaya.com.ar\/tipoblog\/2014\/wp-json\/wp\/v2\/posts"}],"about":[{"href":"https:\/\/www.catedracosgaya.com.ar\/tipoblog\/2014\/wp-json\/wp\/v2\/types\/post"}],"author":[{"embeddable":true,"href":"https:\/\/www.catedracosgaya.com.ar\/tipoblog\/2014\/wp-json\/wp\/v2\/users\/302"}],"replies":[{"embeddable":true,"href":"https:\/\/www.catedracosgaya.com.ar\/tipoblog\/2014\/wp-json\/wp\/v2\/comments?post=4823"}],"version-history":[{"count":16,"href":"https:\/\/www.catedracosgaya.com.ar\/tipoblog\/2014\/wp-json\/wp\/v2\/posts\/4823\/revisions"}],"predecessor-version":[{"id":4988,"href":"https:\/\/www.catedracosgaya.com.ar\/tipoblog\/2014\/wp-json\/wp\/v2\/posts\/4823\/revisions\/4988"}],"wp:featuredmedia":[{"embeddable":true,"href":"https:\/\/www.catedracosgaya.com.ar\/tipoblog\/2014\/wp-json\/wp\/v2\/media\/4987"}],"wp:attachment":[{"href":"https:\/\/www.catedracosgaya.com.ar\/tipoblog\/2014\/wp-json\/wp\/v2\/media?parent=4823"}],"wp:term":[{"taxonomy":"category","embeddable":true,"href":"https:\/\/www.catedracosgaya.com.ar\/tipoblog\/2014\/wp-json\/wp\/v2\/categories?post=4823"},{"taxonomy":"post_tag","embeddable":true,"href":"https:\/\/www.catedracosgaya.com.ar\/tipoblog\/2014\/wp-json\/wp\/v2\/tags?post=4823"}],"curies":[{"name":"wp","href":"https:\/\/api.w.org\/{rel}","templated":true}]}}