{"id":4815,"date":"2014-09-19T17:33:27","date_gmt":"2014-09-19T17:33:27","guid":{"rendered":"http:\/\/www.catedracosgaya.com.ar\/tipoblog\/2014\/?p=4815"},"modified":"2014-09-19T17:33:27","modified_gmt":"2014-09-19T17:33:27","slug":"cuando-el-diario-es-sinonimo-de-diseno","status":"publish","type":"post","link":"https:\/\/www.catedracosgaya.com.ar\/tipoblog\/2014\/cuando-el-diario-es-sinonimo-de-diseno\/","title":{"rendered":"Cuando el diario es sin\u00f3nimo de dise\u00f1o"},"content":{"rendered":"<p>La Society for News Design (SND) es una organizaci\u00f3n internacional de profesionales de los medios de prensa y de comunicaci\u00f3n visual, que hace 34 a\u00f1os vienen celebrando los premios anuales &#8216;The Best of Newspaper Design&#8217;. En esta ocasi\u00f3n han elegido a los cinco peri\u00f3dicos con mejor dise\u00f1o del mundo, entre los cuales hay dos diarios alemanes, un sueco, un dan\u00e9s y un canadiense.<\/p>\n<p>El peri\u00f3dico canadiense premiado se llama <strong>THE GRID<\/strong> y es un semanario con apenas tres a\u00f1os de vida, fue lanzado en mayo de 2011. Su dise\u00f1o es probablemente el m\u00e1s rompedor de todos los premiados, su esquema gr\u00e1fico sigue un modelo paralelo al de \u00abi\u00bb.<br \/>\nLos peri\u00f3dicos alem\u00e1nes son el <strong>WELT AM SONNTAG<\/strong>, un dominical de Berl\u00edn que publica Axel Springer, y el <strong>DIE ZEIT<\/strong>, un semanario de Hamburgo con m\u00e1s de 60 a\u00f1os de historia.<br \/>\nEl diario dan\u00e9s se llama <strong>POLITIKEN<\/strong>, es uno de los m\u00e1s le\u00eddos de este pa\u00eds y en 2010 ya fue galardonado con el \u00abEuropean Newspaper Award\u00bb, un premio de dise\u00f1o a nivel europeo.<br \/>\nPor \u00faltimo, el <strong>DAGENS NYHETER<\/strong> es el mayor diario de Suecia, con una tirada de 340.000 ejemplares por d\u00eda y con casi 150 a\u00f1os de historia.<\/p>\n<p>Estos peri\u00f3dicos dedican una cantidad enorme de energ\u00eda y creatividad a romper los l\u00edmites de su \u00abdise\u00f1o de peri\u00f3dico\u00bb, a sorprender al lector y a buscar nuevas formas de contar las noticias, innovando con sus portadas, pero sin dejar de lado el dise\u00f1o de sus p\u00e1ginas.<\/p>\n<p>Aqu\u00ed algunas de sus portadas destacadas:<\/p>\n<p>&nbsp;<\/p>\n<p><a href=\"http:\/\/www.catedracosgaya.com.ar\/tipoblog\/2014\/wp-content\/uploads\/2014\/09\/SUECO.jpg\"><img loading=\"lazy\" decoding=\"async\" data-attachment-id=\"4819\" data-permalink=\"https:\/\/www.catedracosgaya.com.ar\/tipoblog\/2014\/cuando-el-diario-es-sinonimo-de-diseno\/sueco\/\" data-orig-file=\"https:\/\/www.catedracosgaya.com.ar\/tipoblog\/2014\/wp-content\/uploads\/2014\/09\/SUECO.jpg\" data-orig-size=\"320,399\" data-comments-opened=\"0\" data-image-meta=\"{&quot;aperture&quot;:&quot;0&quot;,&quot;credit&quot;:&quot;&quot;,&quot;camera&quot;:&quot;&quot;,&quot;caption&quot;:&quot;&quot;,&quot;created_timestamp&quot;:&quot;0&quot;,&quot;copyright&quot;:&quot;&quot;,&quot;focal_length&quot;:&quot;0&quot;,&quot;iso&quot;:&quot;0&quot;,&quot;shutter_speed&quot;:&quot;0&quot;,&quot;title&quot;:&quot;&quot;}\" data-image-title=\"SUECO\" data-image-description=\"\" data-image-caption=\"\" data-large-file=\"https:\/\/www.catedracosgaya.com.ar\/tipoblog\/2014\/wp-content\/uploads\/2014\/09\/SUECO.jpg\" class=\"alignnone size-medium wp-image-4819\" src=\"http:\/\/www.catedracosgaya.com.ar\/tipoblog\/2014\/wp-content\/uploads\/2014\/09\/SUECO-240x300.jpg\" alt=\"SUECO\" width=\"240\" height=\"300\" srcset=\"https:\/\/www.catedracosgaya.com.ar\/tipoblog\/2014\/wp-content\/uploads\/2014\/09\/SUECO-240x300.jpg 240w, https:\/\/www.catedracosgaya.com.ar\/tipoblog\/2014\/wp-content\/uploads\/2014\/09\/SUECO.jpg 320w\" sizes=\"auto, (max-width: 240px) 100vw, 240px\" \/><\/a> <a href=\"http:\/\/www.catedracosgaya.com.ar\/tipoblog\/2014\/wp-content\/uploads\/2014\/09\/DAN\u00c9S.jpg\"><img loading=\"lazy\" decoding=\"async\" data-attachment-id=\"4818\" data-permalink=\"https:\/\/www.catedracosgaya.com.ar\/tipoblog\/2014\/cuando-el-diario-es-sinonimo-de-diseno\/danes\/\" data-orig-file=\"https:\/\/www.catedracosgaya.com.ar\/tipoblog\/2014\/wp-content\/uploads\/2014\/09\/DAN\u00c9S.jpg\" data-orig-size=\"320,419\" data-comments-opened=\"0\" data-image-meta=\"{&quot;aperture&quot;:&quot;0&quot;,&quot;credit&quot;:&quot;&quot;,&quot;camera&quot;:&quot;&quot;,&quot;caption&quot;:&quot;&quot;,&quot;created_timestamp&quot;:&quot;0&quot;,&quot;copyright&quot;:&quot;&quot;,&quot;focal_length&quot;:&quot;0&quot;,&quot;iso&quot;:&quot;0&quot;,&quot;shutter_speed&quot;:&quot;0&quot;,&quot;title&quot;:&quot;&quot;}\" data-image-title=\"DAN\u00c9S\" data-image-description=\"\" data-image-caption=\"\" data-large-file=\"https:\/\/www.catedracosgaya.com.ar\/tipoblog\/2014\/wp-content\/uploads\/2014\/09\/DAN\u00c9S.jpg\" class=\"alignnone size-medium wp-image-4818\" src=\"http:\/\/www.catedracosgaya.com.ar\/tipoblog\/2014\/wp-content\/uploads\/2014\/09\/DAN\u00c9S-229x300.jpg\" alt=\"DAN\u00c9S\" width=\"229\" height=\"300\" srcset=\"https:\/\/www.catedracosgaya.com.ar\/tipoblog\/2014\/wp-content\/uploads\/2014\/09\/DAN\u00c9S-229x300.jpg 229w, https:\/\/www.catedracosgaya.com.ar\/tipoblog\/2014\/wp-content\/uploads\/2014\/09\/DAN\u00c9S.jpg 320w\" sizes=\"auto, (max-width: 229px) 100vw, 229px\" \/><\/a> <a href=\"http:\/\/www.catedracosgaya.com.ar\/tipoblog\/2014\/wp-content\/uploads\/2014\/09\/CANADIENSE.jpg\"><img loading=\"lazy\" decoding=\"async\" data-attachment-id=\"4817\" data-permalink=\"https:\/\/www.catedracosgaya.com.ar\/tipoblog\/2014\/cuando-el-diario-es-sinonimo-de-diseno\/canadiense\/\" data-orig-file=\"https:\/\/www.catedracosgaya.com.ar\/tipoblog\/2014\/wp-content\/uploads\/2014\/09\/CANADIENSE.jpg\" data-orig-size=\"320,438\" data-comments-opened=\"0\" data-image-meta=\"{&quot;aperture&quot;:&quot;0&quot;,&quot;credit&quot;:&quot;&quot;,&quot;camera&quot;:&quot;&quot;,&quot;caption&quot;:&quot;&quot;,&quot;created_timestamp&quot;:&quot;0&quot;,&quot;copyright&quot;:&quot;&quot;,&quot;focal_length&quot;:&quot;0&quot;,&quot;iso&quot;:&quot;0&quot;,&quot;shutter_speed&quot;:&quot;0&quot;,&quot;title&quot;:&quot;&quot;}\" data-image-title=\"CANADIENSE\" data-image-description=\"\" data-image-caption=\"\" data-large-file=\"https:\/\/www.catedracosgaya.com.ar\/tipoblog\/2014\/wp-content\/uploads\/2014\/09\/CANADIENSE.jpg\" class=\"alignnone size-medium wp-image-4817\" src=\"http:\/\/www.catedracosgaya.com.ar\/tipoblog\/2014\/wp-content\/uploads\/2014\/09\/CANADIENSE-219x300.jpg\" alt=\"CANADIENSE\" width=\"219\" height=\"300\" srcset=\"https:\/\/www.catedracosgaya.com.ar\/tipoblog\/2014\/wp-content\/uploads\/2014\/09\/CANADIENSE-219x300.jpg 219w, https:\/\/www.catedracosgaya.com.ar\/tipoblog\/2014\/wp-content\/uploads\/2014\/09\/CANADIENSE.jpg 320w\" sizes=\"auto, (max-width: 219px) 100vw, 219px\" \/><\/a> <a href=\"http:\/\/www.catedracosgaya.com.ar\/tipoblog\/2014\/wp-content\/uploads\/2014\/09\/ALEMANES.jpg\"><img loading=\"lazy\" decoding=\"async\" data-attachment-id=\"4816\" data-permalink=\"https:\/\/www.catedracosgaya.com.ar\/tipoblog\/2014\/cuando-el-diario-es-sinonimo-de-diseno\/alemanes\/\" data-orig-file=\"https:\/\/www.catedracosgaya.com.ar\/tipoblog\/2014\/wp-content\/uploads\/2014\/09\/ALEMANES.jpg\" data-orig-size=\"500,351\" data-comments-opened=\"0\" data-image-meta=\"{&quot;aperture&quot;:&quot;0&quot;,&quot;credit&quot;:&quot;&quot;,&quot;camera&quot;:&quot;&quot;,&quot;caption&quot;:&quot;&quot;,&quot;created_timestamp&quot;:&quot;0&quot;,&quot;copyright&quot;:&quot;&quot;,&quot;focal_length&quot;:&quot;0&quot;,&quot;iso&quot;:&quot;0&quot;,&quot;shutter_speed&quot;:&quot;0&quot;,&quot;title&quot;:&quot;&quot;}\" data-image-title=\"ALEMANES\" data-image-description=\"\" data-image-caption=\"\" data-large-file=\"https:\/\/www.catedracosgaya.com.ar\/tipoblog\/2014\/wp-content\/uploads\/2014\/09\/ALEMANES.jpg\" class=\"alignnone size-medium wp-image-4816\" src=\"http:\/\/www.catedracosgaya.com.ar\/tipoblog\/2014\/wp-content\/uploads\/2014\/09\/ALEMANES-300x210.jpg\" alt=\"ALEMANES\" width=\"300\" height=\"210\" srcset=\"https:\/\/www.catedracosgaya.com.ar\/tipoblog\/2014\/wp-content\/uploads\/2014\/09\/ALEMANES-300x210.jpg 300w, https:\/\/www.catedracosgaya.com.ar\/tipoblog\/2014\/wp-content\/uploads\/2014\/09\/ALEMANES.jpg 500w\" sizes=\"auto, (max-width: 300px) 100vw, 300px\" \/><\/a><\/p>\n","protected":false},"excerpt":{"rendered":"<p>La Society for News Design (SND) es una organizaci\u00f3n internacional de profesionales de los medios de prensa y de comunicaci\u00f3n visual, que hace 34 a\u00f1os vienen celebrando los premios anuales &#8216;The Best of Newspaper Design&#8217;. [&hellip;]<\/p>\n","protected":false},"author":296,"featured_media":4820,"comment_status":"closed","ping_status":"closed","sticky":false,"template":"","format":"standard","meta":{"jetpack_post_was_ever_published":false,"_jetpack_newsletter_access":"","_jetpack_dont_email_post_to_subs":false,"_jetpack_newsletter_tier_id":0,"_jetpack_memberships_contains_paywalled_content":false,"_jetpack_memberships_contains_paid_content":false,"footnotes":""},"categories":[5],"tags":[],"class_list":["post-4815","post","type-post","status-publish","format-standard","has-post-thumbnail","hentry","category-periodico"],"jetpack_featured_media_url":"https:\/\/www.catedracosgaya.com.ar\/tipoblog\/2014\/wp-content\/uploads\/2014\/09\/SNDpolitiken.jpg","jetpack_shortlink":"https:\/\/wp.me\/p4rrRH-1fF","jetpack_sharing_enabled":true,"_links":{"self":[{"href":"https:\/\/www.catedracosgaya.com.ar\/tipoblog\/2014\/wp-json\/wp\/v2\/posts\/4815","targetHints":{"allow":["GET"]}}],"collection":[{"href":"https:\/\/www.catedracosgaya.com.ar\/tipoblog\/2014\/wp-json\/wp\/v2\/posts"}],"about":[{"href":"https:\/\/www.catedracosgaya.com.ar\/tipoblog\/2014\/wp-json\/wp\/v2\/types\/post"}],"author":[{"embeddable":true,"href":"https:\/\/www.catedracosgaya.com.ar\/tipoblog\/2014\/wp-json\/wp\/v2\/users\/296"}],"replies":[{"embeddable":true,"href":"https:\/\/www.catedracosgaya.com.ar\/tipoblog\/2014\/wp-json\/wp\/v2\/comments?post=4815"}],"version-history":[{"count":1,"href":"https:\/\/www.catedracosgaya.com.ar\/tipoblog\/2014\/wp-json\/wp\/v2\/posts\/4815\/revisions"}],"predecessor-version":[{"id":4821,"href":"https:\/\/www.catedracosgaya.com.ar\/tipoblog\/2014\/wp-json\/wp\/v2\/posts\/4815\/revisions\/4821"}],"wp:featuredmedia":[{"embeddable":true,"href":"https:\/\/www.catedracosgaya.com.ar\/tipoblog\/2014\/wp-json\/wp\/v2\/media\/4820"}],"wp:attachment":[{"href":"https:\/\/www.catedracosgaya.com.ar\/tipoblog\/2014\/wp-json\/wp\/v2\/media?parent=4815"}],"wp:term":[{"taxonomy":"category","embeddable":true,"href":"https:\/\/www.catedracosgaya.com.ar\/tipoblog\/2014\/wp-json\/wp\/v2\/categories?post=4815"},{"taxonomy":"post_tag","embeddable":true,"href":"https:\/\/www.catedracosgaya.com.ar\/tipoblog\/2014\/wp-json\/wp\/v2\/tags?post=4815"}],"curies":[{"name":"wp","href":"https:\/\/api.w.org\/{rel}","templated":true}]}}