{"id":4681,"date":"2014-09-17T20:49:21","date_gmt":"2014-09-17T20:49:21","guid":{"rendered":"http:\/\/www.catedracosgaya.com.ar\/tipoblog\/2014\/?p=4681"},"modified":"2014-09-17T20:49:21","modified_gmt":"2014-09-17T20:49:21","slug":"una-imagen-contra-mil-palabras","status":"publish","type":"post","link":"https:\/\/www.catedracosgaya.com.ar\/tipoblog\/2014\/una-imagen-contra-mil-palabras\/","title":{"rendered":"Una imagen contra mil palabras"},"content":{"rendered":"<p>Desde siempre, al mirar un diario, lo que primero capta mi atenci\u00f3n son las fotograf\u00edas que acompa\u00f1an las diversas notas publicadas. El poder de una imagen es inmenso y muchas veces he le\u00eddo una noticia al sentirme atra\u00edda por la imagen.<\/p>\n<p>Pero no cualquier imagen puede acompa\u00f1ar una noticia. Aquellos que se dedican al periodismo grafico o fotoperiodismo, poseen un ojo caracter\u00edstico que les permite captar el momento preciso, generando as\u00ed m\u00e1s que una fotograf\u00eda. Congelar un instante que ser\u00e1 \u00fanico e irrepetible y que permanecer\u00e1 presente por m\u00e1s tiempo del que pensamos, me parece (y siempre me parecer\u00e1) maravilloso.<\/p>\n<p><strong>Esa primera foto<\/strong><\/p>\n<p>Hasta la aparici\u00f3n de la fotograf\u00eda, los medios de impresi\u00f3n y difusi\u00f3n de las im\u00e1genes eran el grabado en relieve, el grabado en bajo relieve y la litograf\u00eda. As\u00ed se ilustraban libros, peri\u00f3dicos y todo tipo de publicaciones. El peri\u00f3dico utiliz\u00f3 la fotograf\u00eda por primera vez en 1880, en el Daily Graphic de Nueva York. La imagen fue tomada por Stephen Henry Horgan y estaba titulada como \u201cA Scene in Shantytown\u201d. Desde entonces el periodismo ha integrado la imagen como medio objetivo y representativo de un hecho.<\/p>\n<p><a href=\"http:\/\/www.catedracosgaya.com.ar\/tipoblog\/2014\/wp-content\/uploads\/2014\/09\/1-A_Scene_in_Shantytown_New_York_1880.png\"><img loading=\"lazy\" decoding=\"async\" data-attachment-id=\"4682\" data-permalink=\"https:\/\/www.catedracosgaya.com.ar\/tipoblog\/2014\/una-imagen-contra-mil-palabras\/1-a_scene_in_shantytown_new_york_1880\/\" data-orig-file=\"https:\/\/www.catedracosgaya.com.ar\/tipoblog\/2014\/wp-content\/uploads\/2014\/09\/1-A_Scene_in_Shantytown_New_York_1880.png\" data-orig-size=\"2114,1410\" data-comments-opened=\"0\" data-image-meta=\"{&quot;aperture&quot;:&quot;0&quot;,&quot;credit&quot;:&quot;&quot;,&quot;camera&quot;:&quot;&quot;,&quot;caption&quot;:&quot;&quot;,&quot;created_timestamp&quot;:&quot;0&quot;,&quot;copyright&quot;:&quot;&quot;,&quot;focal_length&quot;:&quot;0&quot;,&quot;iso&quot;:&quot;0&quot;,&quot;shutter_speed&quot;:&quot;0&quot;,&quot;title&quot;:&quot;&quot;}\" data-image-title=\"1 A_Scene_in_Shantytown,_New_York_(1880)\" data-image-description=\"\" data-image-caption=\"\" data-large-file=\"https:\/\/www.catedracosgaya.com.ar\/tipoblog\/2014\/wp-content\/uploads\/2014\/09\/1-A_Scene_in_Shantytown_New_York_1880-1024x682.png\" class=\"aligncenter  wp-image-4682\" src=\"http:\/\/www.catedracosgaya.com.ar\/tipoblog\/2014\/wp-content\/uploads\/2014\/09\/1-A_Scene_in_Shantytown_New_York_1880-300x200.png\" alt=\"1 A_Scene_in_Shantytown,_New_York_(1880)\" width=\"446\" height=\"297\" srcset=\"https:\/\/www.catedracosgaya.com.ar\/tipoblog\/2014\/wp-content\/uploads\/2014\/09\/1-A_Scene_in_Shantytown_New_York_1880-300x200.png 300w, https:\/\/www.catedracosgaya.com.ar\/tipoblog\/2014\/wp-content\/uploads\/2014\/09\/1-A_Scene_in_Shantytown_New_York_1880-1024x682.png 1024w\" sizes=\"auto, (max-width: 446px) 100vw, 446px\" \/><\/a><\/p>\n<p><em>\u201cLa introducci\u00f3n de la foto en la prensa cambia la visi\u00f3n de las masas, se abre una ventana al mundo, se convierte en un poderoso medio de propaganda y manipulaci\u00f3n\u201d. K. Freund<\/em><\/p>\n<p>&nbsp;<\/p>\n<p><strong>Lo que queda fuera del encuadre<\/strong><\/p>\n<p>Las fotograf\u00edas tomadas por periodistas gr\u00e1ficos tienen la capacidad de contener una historia y trasladar a los lectores (y observadores) directamente al momento y al lugar del hecho. Pero al mismo tiempo tienen la tarea de recortar ese momento y traernos aquello que importa, sintetizando asi el mensaje para una mejor comprensi\u00f3n. Uno como observador tiene la tarea de imaginar o suponer aquello que no entra en el recuadro y leer la noticia para descubrirlo.<\/p>\n<p><a href=\"http:\/\/www.catedracosgaya.com.ar\/tipoblog\/2014\/wp-content\/uploads\/2014\/09\/fragilidad-y-contencion_Fusco-1951.jpg\"><img loading=\"lazy\" decoding=\"async\" data-attachment-id=\"4687\" data-permalink=\"https:\/\/www.catedracosgaya.com.ar\/tipoblog\/2014\/una-imagen-contra-mil-palabras\/fragilidad-y-contencion_fusco-1951\/\" data-orig-file=\"https:\/\/www.catedracosgaya.com.ar\/tipoblog\/2014\/wp-content\/uploads\/2014\/09\/fragilidad-y-contencion_Fusco-1951.jpg\" data-orig-size=\"900,602\" data-comments-opened=\"0\" data-image-meta=\"{&quot;aperture&quot;:&quot;0&quot;,&quot;credit&quot;:&quot;&quot;,&quot;camera&quot;:&quot;&quot;,&quot;caption&quot;:&quot;&quot;,&quot;created_timestamp&quot;:&quot;0&quot;,&quot;copyright&quot;:&quot;&quot;,&quot;focal_length&quot;:&quot;0&quot;,&quot;iso&quot;:&quot;0&quot;,&quot;shutter_speed&quot;:&quot;0&quot;,&quot;title&quot;:&quot;&quot;}\" data-image-title=\"fragilidad y contencion_Fusco (1951)\" data-image-description=\"\" data-image-caption=\"\" data-large-file=\"https:\/\/www.catedracosgaya.com.ar\/tipoblog\/2014\/wp-content\/uploads\/2014\/09\/fragilidad-y-contencion_Fusco-1951.jpg\" class=\"aligncenter  wp-image-4687\" src=\"http:\/\/www.catedracosgaya.com.ar\/tipoblog\/2014\/wp-content\/uploads\/2014\/09\/fragilidad-y-contencion_Fusco-1951-300x200.jpg\" alt=\"fragilidad y contencion_Fusco (1951)\" width=\"446\" height=\"297\" srcset=\"https:\/\/www.catedracosgaya.com.ar\/tipoblog\/2014\/wp-content\/uploads\/2014\/09\/fragilidad-y-contencion_Fusco-1951-300x200.jpg 300w, https:\/\/www.catedracosgaya.com.ar\/tipoblog\/2014\/wp-content\/uploads\/2014\/09\/fragilidad-y-contencion_Fusco-1951.jpg 900w\" sizes=\"auto, (max-width: 446px) 100vw, 446px\" \/><\/a><a href=\"http:\/\/www.catedracosgaya.com.ar\/tipoblog\/2014\/wp-content\/uploads\/2014\/09\/marcha-por-la-vida_-marcelo-ranea1982.jpg\"><img loading=\"lazy\" decoding=\"async\" data-attachment-id=\"4692\" data-permalink=\"https:\/\/www.catedracosgaya.com.ar\/tipoblog\/2014\/una-imagen-contra-mil-palabras\/marcha-por-la-vida_-marcelo-ranea1982\/\" data-orig-file=\"https:\/\/www.catedracosgaya.com.ar\/tipoblog\/2014\/wp-content\/uploads\/2014\/09\/marcha-por-la-vida_-marcelo-ranea1982.jpg\" data-orig-size=\"815,890\" data-comments-opened=\"0\" data-image-meta=\"{&quot;aperture&quot;:&quot;0&quot;,&quot;credit&quot;:&quot;&quot;,&quot;camera&quot;:&quot;&quot;,&quot;caption&quot;:&quot;&quot;,&quot;created_timestamp&quot;:&quot;0&quot;,&quot;copyright&quot;:&quot;&quot;,&quot;focal_length&quot;:&quot;0&quot;,&quot;iso&quot;:&quot;0&quot;,&quot;shutter_speed&quot;:&quot;0&quot;,&quot;title&quot;:&quot;&quot;}\" data-image-title=\"marcha por la vida_ marcelo ranea(1982)\" data-image-description=\"\" data-image-caption=\"\" data-large-file=\"https:\/\/www.catedracosgaya.com.ar\/tipoblog\/2014\/wp-content\/uploads\/2014\/09\/marcha-por-la-vida_-marcelo-ranea1982.jpg\" class=\"aligncenter  wp-image-4692\" src=\"http:\/\/www.catedracosgaya.com.ar\/tipoblog\/2014\/wp-content\/uploads\/2014\/09\/marcha-por-la-vida_-marcelo-ranea1982-274x300.jpg\" alt=\"marcha por la vida_ marcelo ranea(1982)\" width=\"454\" height=\"497\" srcset=\"https:\/\/www.catedracosgaya.com.ar\/tipoblog\/2014\/wp-content\/uploads\/2014\/09\/marcha-por-la-vida_-marcelo-ranea1982-274x300.jpg 274w, https:\/\/www.catedracosgaya.com.ar\/tipoblog\/2014\/wp-content\/uploads\/2014\/09\/marcha-por-la-vida_-marcelo-ranea1982.jpg 815w\" sizes=\"auto, (max-width: 454px) 100vw, 454px\" \/><\/a><\/p>\n<p><a href=\"http:\/\/www.catedracosgaya.com.ar\/tipoblog\/2014\/wp-content\/uploads\/2014\/09\/cristina-y-macri.jpg\"><img loading=\"lazy\" decoding=\"async\" data-attachment-id=\"4690\" data-permalink=\"https:\/\/www.catedracosgaya.com.ar\/tipoblog\/2014\/una-imagen-contra-mil-palabras\/cristina-y-macri\/\" data-orig-file=\"https:\/\/www.catedracosgaya.com.ar\/tipoblog\/2014\/wp-content\/uploads\/2014\/09\/cristina-y-macri.jpg\" data-orig-size=\"1004,669\" data-comments-opened=\"0\" data-image-meta=\"{&quot;aperture&quot;:&quot;0&quot;,&quot;credit&quot;:&quot;&quot;,&quot;camera&quot;:&quot;&quot;,&quot;caption&quot;:&quot;&quot;,&quot;created_timestamp&quot;:&quot;0&quot;,&quot;copyright&quot;:&quot;&quot;,&quot;focal_length&quot;:&quot;0&quot;,&quot;iso&quot;:&quot;0&quot;,&quot;shutter_speed&quot;:&quot;0&quot;,&quot;title&quot;:&quot;&quot;}\" data-image-title=\"cristina y macri\" data-image-description=\"\" data-image-caption=\"\" data-large-file=\"https:\/\/www.catedracosgaya.com.ar\/tipoblog\/2014\/wp-content\/uploads\/2014\/09\/cristina-y-macri.jpg\" class=\"aligncenter  wp-image-4690\" src=\"http:\/\/www.catedracosgaya.com.ar\/tipoblog\/2014\/wp-content\/uploads\/2014\/09\/cristina-y-macri-300x199.jpg\" alt=\"cristina y macri\" width=\"453\" height=\"301\" srcset=\"https:\/\/www.catedracosgaya.com.ar\/tipoblog\/2014\/wp-content\/uploads\/2014\/09\/cristina-y-macri-300x199.jpg 300w, https:\/\/www.catedracosgaya.com.ar\/tipoblog\/2014\/wp-content\/uploads\/2014\/09\/cristina-y-macri.jpg 1004w\" sizes=\"auto, (max-width: 453px) 100vw, 453px\" \/><\/a><\/p>\n<p><strong>\u00a0\u00bfImagen si o imagen no?<\/strong><\/p>\n<p>Es en este momento donde se me presenta una duda, \u00bfSer\u00eda posible contar una noticia solo mediante im\u00e1genes? Y debo decir que creo que si es posible, aunque no siempre. Pienso que ciertas im\u00e1genes puede hablar por si solas y nos permite entender un hecho con tan solo observarlas. As\u00ed como tambi\u00e9n, que las palabras suelen tener una cierta influencia sobre aquellos que leen las noticias y provocar determinada posici\u00f3n o lectura (ligada directamente con la postura o el pensamiento de quien redacta o dirige el peri\u00f3dico). Una foto sin palabras que la acompa\u00f1e deja al observador interpretar libremente y tomar su propia postura.<\/p>\n<p>Pero es dif\u00edcil, por no decir imposible, imaginar un peri\u00f3dico sin palabras, sin datos espec\u00edficos. Existen noticias que solo pueden valerse de palabras para ser contadas, en las cuales las im\u00e1genes sobran, y pasan a ser un decorado bonito que capta la atenci\u00f3n del lector y nada m\u00e1s, como ser\u00eda el caso de las noticias econ\u00f3micas. El p\u00fablico que lee este tipo de notas, no est\u00e1 interesado en ver im\u00e1genes sino en nutrirse de informaci\u00f3n escrita, espec\u00edfica y detallada.<\/p>\n<p><a href=\"http:\/\/www.catedracosgaya.com.ar\/tipoblog\/2014\/wp-content\/uploads\/2014\/09\/3-diarios-sensacionalistas-vs-economicos.jpg\"><img loading=\"lazy\" decoding=\"async\" data-attachment-id=\"4683\" data-permalink=\"https:\/\/www.catedracosgaya.com.ar\/tipoblog\/2014\/una-imagen-contra-mil-palabras\/3-diarios-sensacionalistas-vs-economicos\/\" data-orig-file=\"https:\/\/www.catedracosgaya.com.ar\/tipoblog\/2014\/wp-content\/uploads\/2014\/09\/3-diarios-sensacionalistas-vs-economicos.jpg\" data-orig-size=\"2584,859\" data-comments-opened=\"0\" data-image-meta=\"{&quot;aperture&quot;:&quot;0&quot;,&quot;credit&quot;:&quot;&quot;,&quot;camera&quot;:&quot;&quot;,&quot;caption&quot;:&quot;&quot;,&quot;created_timestamp&quot;:&quot;0&quot;,&quot;copyright&quot;:&quot;&quot;,&quot;focal_length&quot;:&quot;0&quot;,&quot;iso&quot;:&quot;0&quot;,&quot;shutter_speed&quot;:&quot;0&quot;,&quot;title&quot;:&quot;&quot;}\" data-image-title=\"3 diarios sensacionalistas vs economicos\" data-image-description=\"\" data-image-caption=\"\" data-large-file=\"https:\/\/www.catedracosgaya.com.ar\/tipoblog\/2014\/wp-content\/uploads\/2014\/09\/3-diarios-sensacionalistas-vs-economicos-1024x340.jpg\" class=\"aligncenter  wp-image-4683\" src=\"http:\/\/www.catedracosgaya.com.ar\/tipoblog\/2014\/wp-content\/uploads\/2014\/09\/3-diarios-sensacionalistas-vs-economicos-300x99.jpg\" alt=\"3 diarios sensacionalistas vs economicos\" width=\"416\" height=\"137\" srcset=\"https:\/\/www.catedracosgaya.com.ar\/tipoblog\/2014\/wp-content\/uploads\/2014\/09\/3-diarios-sensacionalistas-vs-economicos-300x99.jpg 300w, https:\/\/www.catedracosgaya.com.ar\/tipoblog\/2014\/wp-content\/uploads\/2014\/09\/3-diarios-sensacionalistas-vs-economicos-1024x340.jpg 1024w\" sizes=\"auto, (max-width: 416px) 100vw, 416px\" \/><\/a><\/p>\n<p>Entiendo entonces, que a pesar de que una imagen pueda decir m\u00e1s que mil palabras, lo que determinara que estas palabras aparezca o no, o sean importantes o no, ser\u00e1 la informaci\u00f3n que se maneje y el p\u00fablico al cual este dirigido. Como ya se dijo anteriormente, un diario con un enfoque econ\u00f3mico no necesitara tantas im\u00e1genes como uno sensacionalista, en el cual la imagen lo es todo. Es ac\u00e1 donde aparece el l\u00edmite en el uso de la fotograf\u00eda, entre contar un hecho y el simple amarillismo, entre las fotos que buscan informar y aquellas que buscar captar lectores, o mejor dicho compradores. Por eso el periodismo grafico se debe tomar en serio y de manera responsable. No podemos dejar de lado que se intentan comunicar hechos. Pero lamentablemente hoy en d\u00eda este l\u00edmite se encuentra muy difuso, debido a la gran competencia y al deseo de las publicaciones de vender una mayor cantidad de copias.<\/p>\n<p><strong>A la hora de hablar de un peri\u00f3dico las palabras son necesarias, la informaci\u00f3n resulta indispensable para la construcci\u00f3n de este medio de comunicaci\u00f3n.<\/strong><\/p>\n","protected":false},"excerpt":{"rendered":"<p>Sobre la importancia de las im\u00e1genes fotogr\u00e1ficas que acompa\u00f1an noticias y el impacto que generan a la hora de leer. \u00bfEs posible una noticia sin texto?<\/p>\n","protected":false},"author":295,"featured_media":4685,"comment_status":"closed","ping_status":"closed","sticky":false,"template":"","format":"standard","meta":{"jetpack_post_was_ever_published":false,"_jetpack_newsletter_access":"","_jetpack_dont_email_post_to_subs":false,"_jetpack_newsletter_tier_id":0,"_jetpack_memberships_contains_paywalled_content":false,"_jetpack_memberships_contains_paid_content":false,"footnotes":""},"categories":[5],"tags":[174,132,219,261,253,262],"class_list":["post-4681","post","type-post","status-publish","format-standard","has-post-thumbnail","hentry","category-periodico","tag-comunicacion","tag-fotografia","tag-informacion","tag-palabras","tag-periodico-2","tag-periodismo-grafico"],"jetpack_featured_media_url":"https:\/\/www.catedracosgaya.com.ar\/tipoblog\/2014\/wp-content\/uploads\/2014\/09\/Maradona-Eduardo-Longoni1986.jpeg","jetpack_shortlink":"https:\/\/wp.me\/p4rrRH-1dv","jetpack_sharing_enabled":true,"_links":{"self":[{"href":"https:\/\/www.catedracosgaya.com.ar\/tipoblog\/2014\/wp-json\/wp\/v2\/posts\/4681","targetHints":{"allow":["GET"]}}],"collection":[{"href":"https:\/\/www.catedracosgaya.com.ar\/tipoblog\/2014\/wp-json\/wp\/v2\/posts"}],"about":[{"href":"https:\/\/www.catedracosgaya.com.ar\/tipoblog\/2014\/wp-json\/wp\/v2\/types\/post"}],"author":[{"embeddable":true,"href":"https:\/\/www.catedracosgaya.com.ar\/tipoblog\/2014\/wp-json\/wp\/v2\/users\/295"}],"replies":[{"embeddable":true,"href":"https:\/\/www.catedracosgaya.com.ar\/tipoblog\/2014\/wp-json\/wp\/v2\/comments?post=4681"}],"version-history":[{"count":6,"href":"https:\/\/www.catedracosgaya.com.ar\/tipoblog\/2014\/wp-json\/wp\/v2\/posts\/4681\/revisions"}],"predecessor-version":[{"id":4696,"href":"https:\/\/www.catedracosgaya.com.ar\/tipoblog\/2014\/wp-json\/wp\/v2\/posts\/4681\/revisions\/4696"}],"wp:featuredmedia":[{"embeddable":true,"href":"https:\/\/www.catedracosgaya.com.ar\/tipoblog\/2014\/wp-json\/wp\/v2\/media\/4685"}],"wp:attachment":[{"href":"https:\/\/www.catedracosgaya.com.ar\/tipoblog\/2014\/wp-json\/wp\/v2\/media?parent=4681"}],"wp:term":[{"taxonomy":"category","embeddable":true,"href":"https:\/\/www.catedracosgaya.com.ar\/tipoblog\/2014\/wp-json\/wp\/v2\/categories?post=4681"},{"taxonomy":"post_tag","embeddable":true,"href":"https:\/\/www.catedracosgaya.com.ar\/tipoblog\/2014\/wp-json\/wp\/v2\/tags?post=4681"}],"curies":[{"name":"wp","href":"https:\/\/api.w.org\/{rel}","templated":true}]}}