{"id":4641,"date":"2014-09-16T15:31:48","date_gmt":"2014-09-16T15:31:48","guid":{"rendered":"http:\/\/www.catedracosgaya.com.ar\/tipoblog\/2014\/?p=4641"},"modified":"2014-09-16T18:10:14","modified_gmt":"2014-09-16T18:10:14","slug":"seis-dias-haciendo-la-vista-gorda","status":"publish","type":"post","link":"https:\/\/www.catedracosgaya.com.ar\/tipoblog\/2014\/seis-dias-haciendo-la-vista-gorda\/","title":{"rendered":"Seis d\u00edas haciendo la vista gorda."},"content":{"rendered":"<p>Detr\u00e1s del<em> bowl <\/em>con lechuga reci\u00e9n lavada para la ensalada que va a acompa\u00f1ar al asado que se cocina en la parrilla, asoma el suplemento de cultura. Y si\u2026 Domingo.<\/p>\n<p>Entre laga\u00f1as y resaca voy directo a la p\u00e1gina que, cu\u00e1l cronograma de festival, anuncia d\u00eda por d\u00eda todos los eventos culturales que la redacci\u00f3n eligi\u00f3 publicar para esa semana.<\/p>\n<p><a href=\"http:\/\/www.catedracosgaya.com.ar\/tipoblog\/2014\/wp-content\/uploads\/2014\/09\/AGENDA-RADAR.jpg\"><img loading=\"lazy\" decoding=\"async\" data-attachment-id=\"4643\" data-permalink=\"https:\/\/www.catedracosgaya.com.ar\/tipoblog\/2014\/seis-dias-haciendo-la-vista-gorda\/agenda-radar\/\" data-orig-file=\"https:\/\/www.catedracosgaya.com.ar\/tipoblog\/2014\/wp-content\/uploads\/2014\/09\/AGENDA-RADAR.jpg\" data-orig-size=\"1700,2186\" data-comments-opened=\"0\" data-image-meta=\"{&quot;aperture&quot;:&quot;0&quot;,&quot;credit&quot;:&quot;&quot;,&quot;camera&quot;:&quot;&quot;,&quot;caption&quot;:&quot;&quot;,&quot;created_timestamp&quot;:&quot;0&quot;,&quot;copyright&quot;:&quot;&quot;,&quot;focal_length&quot;:&quot;0&quot;,&quot;iso&quot;:&quot;0&quot;,&quot;shutter_speed&quot;:&quot;0&quot;,&quot;title&quot;:&quot;&quot;}\" data-image-title=\"AGENDA RADAR\" data-image-description=\"\" data-image-caption=\"\" data-large-file=\"https:\/\/www.catedracosgaya.com.ar\/tipoblog\/2014\/wp-content\/uploads\/2014\/09\/AGENDA-RADAR-796x1024.jpg\" class=\"alignnone size-medium wp-image-4643\" src=\"http:\/\/www.catedracosgaya.com.ar\/tipoblog\/2014\/wp-content\/uploads\/2014\/09\/AGENDA-RADAR-233x300.jpg\" alt=\"AGENDA RADAR\" width=\"233\" height=\"300\" srcset=\"https:\/\/www.catedracosgaya.com.ar\/tipoblog\/2014\/wp-content\/uploads\/2014\/09\/AGENDA-RADAR-233x300.jpg 233w, https:\/\/www.catedracosgaya.com.ar\/tipoblog\/2014\/wp-content\/uploads\/2014\/09\/AGENDA-RADAR-796x1024.jpg 796w, https:\/\/www.catedracosgaya.com.ar\/tipoblog\/2014\/wp-content\/uploads\/2014\/09\/AGENDA-RADAR.jpg 1700w\" sizes=\"auto, (max-width: 233px) 100vw, 233px\" \/><\/a><\/p>\n<p>Por motivaciones personales, primero empiezo por los que conciernen a la m\u00fasica, que con un destacado cyan en<em> bold\u00a0<\/em>de palo seco, permiten su distinci\u00f3n entre el violeta para cine, el naranja para danza y el verde para teatro.<\/p>\n<p>Es el \u00fanico momento de la semana en que agarro un diario impreso y me detengo a leerlo.<\/p>\n<p>Que los diarios son subjetivos, tendenciosos, persuasivos y mentirosos no es una novedad. Mas echarle la culpa al diario, parece un poco ingenuo.<\/p>\n<p>El diario informa, plantea un juego de enunciaci\u00f3n entre una propuesta de realidad y una toma de postura sobre la misma. Y resulta de ese contrato entre el mensaje de la redacci\u00f3n y la decodificaci\u00f3n m\u00e1s o menos delicada del lector, la construcci\u00f3n de la realidad colectiva. Es por esto que estar en contra de los diarios suena absurdo, hasta irresponsable. Dado que la circulaci\u00f3n de la informaci\u00f3n es el \u00fanico recurso que tenemos para tomar partido sobre las cosas, sobre la realidad.<\/p>\n<p>Ahora bien, parece contradictorio hacer eco sobre la importancia de la lectura de los diarios y el valor de la informaci\u00f3n, cuando solamente abro uno por semana. Y es ac\u00e1\u00a0donde se centra el punto de este post.<\/p>\n<p>Que para determinado diario, la danza sea naranja y el cine violeta no deja de ser una estrategia de comunicaci\u00f3n, del mismo modo que la elecci\u00f3n del tipo de evento que sugiere el suplemento de cultura que leo cada domingo o la carga de sensacionalismo que se le da a un titular, dependiendo de su tama\u00f1o, su decisi\u00f3n tipogr\u00e1fica, el color y su ubicaci\u00f3n en p\u00e1gina. Todas estas decisiones traen por detr\u00e1s un sinf\u00edn de estrategias que incluyen una noci\u00f3n previa sobre quien va a ser el lector y cual es el mejor modo de comunicar la intenci\u00f3n primera del mensaje.<\/p>\n<p>&nbsp;<\/p>\n<p><img loading=\"lazy\" decoding=\"async\" data-attachment-id=\"4642\" data-permalink=\"https:\/\/www.catedracosgaya.com.ar\/tipoblog\/2014\/seis-dias-haciendo-la-vista-gorda\/estamos-ganando\/\" data-orig-file=\"https:\/\/www.catedracosgaya.com.ar\/tipoblog\/2014\/wp-content\/uploads\/2014\/09\/ESTAMOS-GANANDO.png\" data-orig-size=\"400,535\" data-comments-opened=\"0\" data-image-meta=\"{&quot;aperture&quot;:&quot;0&quot;,&quot;credit&quot;:&quot;&quot;,&quot;camera&quot;:&quot;&quot;,&quot;caption&quot;:&quot;&quot;,&quot;created_timestamp&quot;:&quot;0&quot;,&quot;copyright&quot;:&quot;&quot;,&quot;focal_length&quot;:&quot;0&quot;,&quot;iso&quot;:&quot;0&quot;,&quot;shutter_speed&quot;:&quot;0&quot;,&quot;title&quot;:&quot;&quot;}\" data-image-title=\"ESTAMOS GANANDO\" data-image-description=\"\" data-image-caption=\"\" data-large-file=\"https:\/\/www.catedracosgaya.com.ar\/tipoblog\/2014\/wp-content\/uploads\/2014\/09\/ESTAMOS-GANANDO.png\" class=\"alignnone  wp-image-4642\" src=\"http:\/\/www.catedracosgaya.com.ar\/tipoblog\/2014\/wp-content\/uploads\/2014\/09\/ESTAMOS-GANANDO-224x300.png\" alt=\"ESTAMOS GANANDO\" width=\"216\" height=\"290\" srcset=\"https:\/\/www.catedracosgaya.com.ar\/tipoblog\/2014\/wp-content\/uploads\/2014\/09\/ESTAMOS-GANANDO-224x300.png 224w, https:\/\/www.catedracosgaya.com.ar\/tipoblog\/2014\/wp-content\/uploads\/2014\/09\/ESTAMOS-GANANDO.png 400w\" sizes=\"auto, (max-width: 216px) 100vw, 216px\" \/><em>\u00a0(Tapa Revista Gente)<\/em> \u00a0<a href=\"http:\/\/www.catedracosgaya.com.ar\/tipoblog\/2014\/wp-content\/uploads\/2014\/09\/libre.jpg\"><img loading=\"lazy\" decoding=\"async\" data-attachment-id=\"4645\" data-permalink=\"https:\/\/www.catedracosgaya.com.ar\/tipoblog\/2014\/seis-dias-haciendo-la-vista-gorda\/libre\/\" data-orig-file=\"https:\/\/www.catedracosgaya.com.ar\/tipoblog\/2014\/wp-content\/uploads\/2014\/09\/libre.jpg\" data-orig-size=\"640,800\" data-comments-opened=\"0\" data-image-meta=\"{&quot;aperture&quot;:&quot;0&quot;,&quot;credit&quot;:&quot;&quot;,&quot;camera&quot;:&quot;&quot;,&quot;caption&quot;:&quot;&quot;,&quot;created_timestamp&quot;:&quot;0&quot;,&quot;copyright&quot;:&quot;&quot;,&quot;focal_length&quot;:&quot;0&quot;,&quot;iso&quot;:&quot;0&quot;,&quot;shutter_speed&quot;:&quot;0&quot;,&quot;title&quot;:&quot;&quot;}\" data-image-title=\"libre\" data-image-description=\"\" data-image-caption=\"\" data-large-file=\"https:\/\/www.catedracosgaya.com.ar\/tipoblog\/2014\/wp-content\/uploads\/2014\/09\/libre.jpg\" class=\"alignnone  wp-image-4645\" src=\"http:\/\/www.catedracosgaya.com.ar\/tipoblog\/2014\/wp-content\/uploads\/2014\/09\/libre-240x300.jpg\" alt=\"libre\" width=\"234\" height=\"293\" srcset=\"https:\/\/www.catedracosgaya.com.ar\/tipoblog\/2014\/wp-content\/uploads\/2014\/09\/libre-240x300.jpg 240w, https:\/\/www.catedracosgaya.com.ar\/tipoblog\/2014\/wp-content\/uploads\/2014\/09\/libre.jpg 640w\" sizes=\"auto, (max-width: 234px) 100vw, 234px\" \/><\/a>\u00a0 <em>(Tapa diario sensacionalista, Libre) \u00a0\u00a0<\/em>\u00a0\u00a0<a href=\"http:\/\/www.catedracosgaya.com.ar\/tipoblog\/2014\/wp-content\/uploads\/2014\/09\/nik.jpg\"><img loading=\"lazy\" decoding=\"async\" data-attachment-id=\"4646\" data-permalink=\"https:\/\/www.catedracosgaya.com.ar\/tipoblog\/2014\/seis-dias-haciendo-la-vista-gorda\/nik\/\" data-orig-file=\"https:\/\/www.catedracosgaya.com.ar\/tipoblog\/2014\/wp-content\/uploads\/2014\/09\/nik.jpg\" data-orig-size=\"600,826\" data-comments-opened=\"0\" data-image-meta=\"{&quot;aperture&quot;:&quot;0&quot;,&quot;credit&quot;:&quot;&quot;,&quot;camera&quot;:&quot;&quot;,&quot;caption&quot;:&quot;&quot;,&quot;created_timestamp&quot;:&quot;0&quot;,&quot;copyright&quot;:&quot;&quot;,&quot;focal_length&quot;:&quot;0&quot;,&quot;iso&quot;:&quot;0&quot;,&quot;shutter_speed&quot;:&quot;0&quot;,&quot;title&quot;:&quot;&quot;}\" data-image-title=\"nik\" data-image-description=\"\" data-image-caption=\"\" data-large-file=\"https:\/\/www.catedracosgaya.com.ar\/tipoblog\/2014\/wp-content\/uploads\/2014\/09\/nik.jpg\" class=\"alignnone  wp-image-4646\" src=\"http:\/\/www.catedracosgaya.com.ar\/tipoblog\/2014\/wp-content\/uploads\/2014\/09\/nik-217x300.jpg\" alt=\"nik\" width=\"203\" height=\"280\" srcset=\"https:\/\/www.catedracosgaya.com.ar\/tipoblog\/2014\/wp-content\/uploads\/2014\/09\/nik-217x300.jpg 217w, https:\/\/www.catedracosgaya.com.ar\/tipoblog\/2014\/wp-content\/uploads\/2014\/09\/nik.jpg 600w\" sizes=\"auto, (max-width: 203px) 100vw, 203px\" \/><\/a>\u00a0<em>(Nik, humorista gr\u00e1fico diario La Naci\u00f3n)<\/em><\/p>\n<p>El manejo de la informaci\u00f3n y la prensa funciona como un arma muy poderosa de \u201chacer-hacer\u201d por la cual como hijos de un mundo altamente globalizado y por dem\u00e1s mediatizado, nuestro \u00fanico escudo es informarnos y de la misma manera comprender que como dise\u00f1adores cada decisi\u00f3n que tomamos, otorga una nueva carga sem\u00e1ntica al mensaje que comunicamos.<\/p>\n<p>Haciendo uso de las grandes ventajas de la \u00e9poca en cuanto al acceso a la informaci\u00f3n, los invito a mantener encendida la voluntad de ver que pasa en la otra cara de la moneda que nos presentan. De este modo, queda en cada uno de nosotros decidir que leemos y como nos ubicamos con respecto a lo que leemos y para esta ultima tarea voy a citar a mi abuela, qui\u00e9n siempre dec\u00eda: \u201dHay que leer de todo un poco y de un poco, todo\u201d.<\/p>\n<p>A continuaci\u00f3n dejo unos links sobre distintas cooperativas de comunicaci\u00f3n o espacios de informaci\u00f3n que suelo frecuentar los otros seis d\u00edas de la semana en los que hago la vista gorda.<\/p>\n<p><a title=\"Nos Digital\" href=\"%20www.nosdigital.com.ar\" target=\"_blank\">\u00a0www.nosdigital.com.ar<\/a><\/p>\n<p><a title=\"La Vaca Mu\" href=\"http:\/\/www.lavaca.org\/mu\/\">http:\/\/www.lavaca.org\/mu\/<\/a><\/p>\n<p><a title=\"Google\" href=\"http:\/\/www.google.com\">www.google.com<\/a><\/p>\n<p>Y unos links de descarga de pel\u00edculas que hablan sobre el papel de los medios de comunicaci\u00f3n en la sociedad\u2026<\/p>\n<p><a title=\"La Revoluci\u00f3n no ser\u00e1 transmitida\" href=\"https:\/\/www.youtube.com\/watch?v=Cko8R2ZSEzE\" target=\"_blank\">https:\/\/www.youtube.com\/watch?v=Cko8R2ZSEzE<\/a> \u00a0&#8211;\u00a0<em>\u201cLa Revoluci\u00f3n no ser\u00e1 transmitida\u201d<\/em>\u00a0 (O&#8217;Briain, Bartley)<\/p>\n<p><a title=\"Capturing the friedmans\" href=\"https:\/\/www.youtube.com\/watch?v=OVY4ehqJjAA\">https:\/\/www.youtube.com\/watch?v=OVY4ehqJjAA<\/a> &#8211; <em>\u00abCapturing the Friedmans\u00bb (<\/em><a class=\"fl\" style=\"color: #1a0dab\" href=\"https:\/\/www.google.com.ar\/search?espv=2&amp;biw=1440&amp;bih=779&amp;q=andrew+jarecki&amp;stick=H4sIAAAAAAAAAGOovnz8BQMDgwEHnxCnfq6-gVFJvEmeEphplmFiYqQllp1spZ-WmZMLJqxSMotSk0vyi4I5F_AqscVqZBhKJjmnmrFM4n3zGACou1PYTQAAAA&amp;sa=X&amp;ei=ynwYVNGyIZHYoATSn4H4Bg&amp;ved=0CK4BEJsTKAIwEA\">Andrew Jarecki<\/a>)<\/p>\n<p><a title=\"El Rati Horror Show\" href=\"https:\/\/www.youtube.com\/watch?v=ZXm7536T6a4%20\" target=\"_blank\">https:\/\/www.youtube.com\/watch?v=ZXm7536T6a4\u00a0<\/a>&#8211; <em>\u201cEl Rati Horror Show\u201d<\/em> (Pi\u00f1eyro. E)<\/p>\n<p>&nbsp;<\/p>\n","protected":false},"excerpt":{"rendered":"<p>Sobre como empezar un domingo y el valor de la informaci\u00f3n.<\/p>\n","protected":false},"author":293,"featured_media":4642,"comment_status":"closed","ping_status":"closed","sticky":false,"template":"","format":"standard","meta":{"jetpack_post_was_ever_published":false,"_jetpack_newsletter_access":"","_jetpack_dont_email_post_to_subs":false,"_jetpack_newsletter_tier_id":0,"_jetpack_memberships_contains_paywalled_content":false,"_jetpack_memberships_contains_paid_content":false,"footnotes":""},"categories":[5],"tags":[219,253,254,42],"class_list":["post-4641","post","type-post","status-publish","format-standard","has-post-thumbnail","hentry","category-periodico","tag-informacion","tag-periodico-2","tag-rol-del-diseno","tag-tipografia"],"jetpack_featured_media_url":"https:\/\/www.catedracosgaya.com.ar\/tipoblog\/2014\/wp-content\/uploads\/2014\/09\/ESTAMOS-GANANDO.png","jetpack_shortlink":"https:\/\/wp.me\/p4rrRH-1cR","jetpack_sharing_enabled":true,"_links":{"self":[{"href":"https:\/\/www.catedracosgaya.com.ar\/tipoblog\/2014\/wp-json\/wp\/v2\/posts\/4641","targetHints":{"allow":["GET"]}}],"collection":[{"href":"https:\/\/www.catedracosgaya.com.ar\/tipoblog\/2014\/wp-json\/wp\/v2\/posts"}],"about":[{"href":"https:\/\/www.catedracosgaya.com.ar\/tipoblog\/2014\/wp-json\/wp\/v2\/types\/post"}],"author":[{"embeddable":true,"href":"https:\/\/www.catedracosgaya.com.ar\/tipoblog\/2014\/wp-json\/wp\/v2\/users\/293"}],"replies":[{"embeddable":true,"href":"https:\/\/www.catedracosgaya.com.ar\/tipoblog\/2014\/wp-json\/wp\/v2\/comments?post=4641"}],"version-history":[{"count":8,"href":"https:\/\/www.catedracosgaya.com.ar\/tipoblog\/2014\/wp-json\/wp\/v2\/posts\/4641\/revisions"}],"predecessor-version":[{"id":4653,"href":"https:\/\/www.catedracosgaya.com.ar\/tipoblog\/2014\/wp-json\/wp\/v2\/posts\/4641\/revisions\/4653"}],"wp:featuredmedia":[{"embeddable":true,"href":"https:\/\/www.catedracosgaya.com.ar\/tipoblog\/2014\/wp-json\/wp\/v2\/media\/4642"}],"wp:attachment":[{"href":"https:\/\/www.catedracosgaya.com.ar\/tipoblog\/2014\/wp-json\/wp\/v2\/media?parent=4641"}],"wp:term":[{"taxonomy":"category","embeddable":true,"href":"https:\/\/www.catedracosgaya.com.ar\/tipoblog\/2014\/wp-json\/wp\/v2\/categories?post=4641"},{"taxonomy":"post_tag","embeddable":true,"href":"https:\/\/www.catedracosgaya.com.ar\/tipoblog\/2014\/wp-json\/wp\/v2\/tags?post=4641"}],"curies":[{"name":"wp","href":"https:\/\/api.w.org\/{rel}","templated":true}]}}