{"id":4121,"date":"2014-08-20T16:49:52","date_gmt":"2014-08-20T16:49:52","guid":{"rendered":"http:\/\/www.catedracosgaya.com.ar\/tipoblog\/2014\/?p=4121"},"modified":"2014-08-20T16:49:52","modified_gmt":"2014-08-20T16:49:52","slug":"asociacion-ex-hombres-lobo-de-alicante","status":"publish","type":"post","link":"https:\/\/www.catedracosgaya.com.ar\/tipoblog\/2014\/asociacion-ex-hombres-lobo-de-alicante\/","title":{"rendered":"Asociaci\u00f3n Ex Hombres Lobo de Alicante"},"content":{"rendered":"<p>Siempre fue materia de controversia la funci\u00f3n social que cumple el dise\u00f1o gr\u00e1fico. Se encuentran por un lado, los que plantean la idea de que es un posible campo de desarrollo de la materia y por otro, los detractores de esta afirmaci\u00f3n, remarcando que, al encontrarse contextualizado dentro del marco de una sociedad, ya deber\u00eda tener a priori una funci\u00f3n social. Tomando esta afirmaci\u00f3n como base, se van conociendo cada vez m\u00e1s casos en donde el dise\u00f1o, desde su campo de estudio, brinda soluciones a necesidades latentes.<\/p>\n<p>Hace algunos meses conoc\u00ed el caso espec\u00edfico de la <strong>Asociaci\u00f3n Parkinson de Alicante<\/strong> en Espa\u00f1a, o como son conocidos ahora, la Asociaci\u00f3n de Ex Hombres Lobo.<\/p>\n<p>La entidad original se fund\u00f3 en 2003 y brinda al enfermo de Parkinson apoyo y contenci\u00f3n a trav\u00e9s\u00a0 de las diferentes actividades terap\u00e9uticas que se realizan all\u00ed. Funciona mediante las contribuciones de los socios y donaciones pero as\u00ed y todo, les era demasiado dif\u00edcil costear los gastos que implica esta enfermedad.<\/p>\n<p>Fue a mediados del a\u00f1o pasado cuando la agencia de publicidad alicantina <strong>GettingBetter<\/strong> se puso en contacto con la asociaci\u00f3n y surgi\u00f3 la idea de realizar en conjunto una campa\u00f1a publicitaria fuera de lo com\u00fan, con la idea de ir un poco m\u00e1s all\u00e1, para darse a conocer y captar la atenci\u00f3n de la comunidad.<\/p>\n<p>La cruzada parte de un concepto simple, pero muy original y al mismo tiempo pertinente. Toma el ejemplo del actor estadounidense <strong>Michael \u00a0Fox<\/strong> y su lucha contra el parkinson para plantear el siguiente razonamiento:<\/p>\n<p><a href=\"http:\/\/www.catedracosgaya.com.ar\/tipoblog\/2014\/wp-content\/uploads\/2014\/08\/no-asustes-han-visto-ex-hombres-lobo-alicante-L-75TFWS.jpeg\"><img loading=\"lazy\" decoding=\"async\" data-attachment-id=\"4145\" data-permalink=\"https:\/\/www.catedracosgaya.com.ar\/tipoblog\/2014\/asociacion-ex-hombres-lobo-de-alicante\/no-asustes-han-visto-ex-hombres-lobo-alicante-l-75tfws\/\" data-orig-file=\"https:\/\/www.catedracosgaya.com.ar\/tipoblog\/2014\/wp-content\/uploads\/2014\/08\/no-asustes-han-visto-ex-hombres-lobo-alicante-L-75TFWS.jpeg\" data-orig-size=\"640,301\" data-comments-opened=\"0\" data-image-meta=\"{&quot;aperture&quot;:&quot;0&quot;,&quot;credit&quot;:&quot;&quot;,&quot;camera&quot;:&quot;&quot;,&quot;caption&quot;:&quot;&quot;,&quot;created_timestamp&quot;:&quot;0&quot;,&quot;copyright&quot;:&quot;&quot;,&quot;focal_length&quot;:&quot;0&quot;,&quot;iso&quot;:&quot;0&quot;,&quot;shutter_speed&quot;:&quot;0&quot;,&quot;title&quot;:&quot;&quot;}\" data-image-title=\"no-asustes-han-visto-ex-hombres-lobo-alicante-L-75TFWS\" data-image-description=\"\" data-image-caption=\"\" data-large-file=\"https:\/\/www.catedracosgaya.com.ar\/tipoblog\/2014\/wp-content\/uploads\/2014\/08\/no-asustes-han-visto-ex-hombres-lobo-alicante-L-75TFWS.jpeg\" class=\"aligncenter wp-image-4145 size-full\" src=\"http:\/\/www.catedracosgaya.com.ar\/tipoblog\/2014\/wp-content\/uploads\/2014\/08\/no-asustes-han-visto-ex-hombres-lobo-alicante-L-75TFWS.jpeg\" alt=\"no-asustes-han-visto-ex-hombres-lobo-alicante-L-75TFWS\" width=\"640\" height=\"301\" srcset=\"https:\/\/www.catedracosgaya.com.ar\/tipoblog\/2014\/wp-content\/uploads\/2014\/08\/no-asustes-han-visto-ex-hombres-lobo-alicante-L-75TFWS.jpeg 640w, https:\/\/www.catedracosgaya.com.ar\/tipoblog\/2014\/wp-content\/uploads\/2014\/08\/no-asustes-han-visto-ex-hombres-lobo-alicante-L-75TFWS-300x141.jpeg 300w\" sizes=\"auto, (max-width: 640px) 100vw, 640px\" \/><\/a><\/p>\n<p>&nbsp;<\/p>\n<p>As\u00ed fue como, en primer lugar, decidieron cambiar la imagen completa de la asociaci\u00f3n. Sustituyeron la antigua marca, mucho m\u00e1s cl\u00e1sica, sirviendo adem\u00e1s para unificar las piezas de las cuales estaba compuesta.<\/p>\n<p><a href=\"http:\/\/www.catedracosgaya.com.ar\/tipoblog\/2014\/wp-content\/uploads\/2014\/08\/antes-y-despu\u00e9s.jpg\"><img loading=\"lazy\" decoding=\"async\" data-attachment-id=\"4218\" data-permalink=\"https:\/\/www.catedracosgaya.com.ar\/tipoblog\/2014\/asociacion-ex-hombres-lobo-de-alicante\/antes-y-despues\/\" data-orig-file=\"https:\/\/www.catedracosgaya.com.ar\/tipoblog\/2014\/wp-content\/uploads\/2014\/08\/antes-y-despu\u00e9s.jpg\" data-orig-size=\"640,438\" data-comments-opened=\"0\" data-image-meta=\"{&quot;aperture&quot;:&quot;0&quot;,&quot;credit&quot;:&quot;&quot;,&quot;camera&quot;:&quot;&quot;,&quot;caption&quot;:&quot;&quot;,&quot;created_timestamp&quot;:&quot;0&quot;,&quot;copyright&quot;:&quot;&quot;,&quot;focal_length&quot;:&quot;0&quot;,&quot;iso&quot;:&quot;0&quot;,&quot;shutter_speed&quot;:&quot;0&quot;,&quot;title&quot;:&quot;&quot;}\" data-image-title=\"antes y despu\u00e9s\" data-image-description=\"\" data-image-caption=\"\" data-large-file=\"https:\/\/www.catedracosgaya.com.ar\/tipoblog\/2014\/wp-content\/uploads\/2014\/08\/antes-y-despu\u00e9s.jpg\" class=\"aligncenter size-full wp-image-4218\" src=\"http:\/\/www.catedracosgaya.com.ar\/tipoblog\/2014\/wp-content\/uploads\/2014\/08\/antes-y-despu\u00e9s.jpg\" alt=\"antes y despu\u00e9s\" width=\"640\" height=\"438\" srcset=\"https:\/\/www.catedracosgaya.com.ar\/tipoblog\/2014\/wp-content\/uploads\/2014\/08\/antes-y-despu\u00e9s.jpg 640w, https:\/\/www.catedracosgaya.com.ar\/tipoblog\/2014\/wp-content\/uploads\/2014\/08\/antes-y-despu\u00e9s-300x205.jpg 300w\" sizes=\"auto, (max-width: 640px) 100vw, 640px\" \/><\/a><\/p>\n<p>&nbsp;<\/p>\n<p>Como resultado fue una imagen mucho m\u00e1s atractiva, din\u00e1mica, actual y que cumpl\u00eda la idea rectora de llamar la atenci\u00f3n para darse a conocer, y al mismo tiempo se val\u00eda del partido conceptual que vinculaba al Parkinson con los hombres lobo.<\/p>\n<p>Los elementos gr\u00e1ficos que predominan en el sistema pueden ser:<\/p>\n<p>. Por un lado la paleta de colores en la que se destacan los tonos amarillos y viol\u00e1ceos, trazando una suerte de dialogismo con los cromas utilizados en la pel\u00edcula \u201cTeen Wolf\u201d, los cuales son bastante similares;<\/p>\n<p>. En otro aspecto esta el tratamiento de la im\u00e1genes, fotogr\u00e1ficas y vectoriales, las cuales se integran entre s\u00ed;<\/p>\n<p>. Y por \u00faltimo, en el aspecto que m\u00e1s nos concierne, esta lo tipogr\u00e1fico, presentando diversas resoluciones, una sans serif para los textos largos, una script para los destacados y por \u00faltimo, un trabajo de lettering para los t\u00edtulos m\u00e1s grandes, dando esto ese toque gestual que es muy caracter\u00edstico del sistema.<\/p>\n<p><a href=\"http:\/\/www.catedracosgaya.com.ar\/tipoblog\/2014\/wp-content\/uploads\/2014\/08\/ex_hombres_lobo_interior.png\"><img loading=\"lazy\" decoding=\"async\" data-attachment-id=\"4221\" data-permalink=\"https:\/\/www.catedracosgaya.com.ar\/tipoblog\/2014\/asociacion-ex-hombres-lobo-de-alicante\/ex_hombres_lobo_interior\/\" data-orig-file=\"https:\/\/www.catedracosgaya.com.ar\/tipoblog\/2014\/wp-content\/uploads\/2014\/08\/ex_hombres_lobo_interior.png\" data-orig-size=\"640,454\" data-comments-opened=\"0\" data-image-meta=\"{&quot;aperture&quot;:&quot;0&quot;,&quot;credit&quot;:&quot;&quot;,&quot;camera&quot;:&quot;&quot;,&quot;caption&quot;:&quot;&quot;,&quot;created_timestamp&quot;:&quot;0&quot;,&quot;copyright&quot;:&quot;&quot;,&quot;focal_length&quot;:&quot;0&quot;,&quot;iso&quot;:&quot;0&quot;,&quot;shutter_speed&quot;:&quot;0&quot;,&quot;title&quot;:&quot;&quot;}\" data-image-title=\"ex_hombres_lobo_interior\" data-image-description=\"\" data-image-caption=\"\" data-large-file=\"https:\/\/www.catedracosgaya.com.ar\/tipoblog\/2014\/wp-content\/uploads\/2014\/08\/ex_hombres_lobo_interior.png\" class=\"aligncenter size-full wp-image-4221\" src=\"http:\/\/www.catedracosgaya.com.ar\/tipoblog\/2014\/wp-content\/uploads\/2014\/08\/ex_hombres_lobo_interior.png\" alt=\"ex_hombres_lobo_interior\" width=\"640\" height=\"454\" srcset=\"https:\/\/www.catedracosgaya.com.ar\/tipoblog\/2014\/wp-content\/uploads\/2014\/08\/ex_hombres_lobo_interior.png 640w, https:\/\/www.catedracosgaya.com.ar\/tipoblog\/2014\/wp-content\/uploads\/2014\/08\/ex_hombres_lobo_interior-300x212.png 300w\" sizes=\"auto, (max-width: 640px) 100vw, 640px\" \/><\/a><\/p>\n<p>&nbsp;<\/p>\n<p>La campa\u00f1a esta compuesta por piezas est\u00e1ticas (banner, afiches, se\u00f1al\u00e9tica, etc.) y por un audiovisual, en el que, junto con la productora <strong>Kamestudio<\/strong>, la agencia realiz\u00f3 una suerte de spot para dar a conocer la asociaci\u00f3n de una manera m\u00e1s \u201csimp\u00e1tica\u201d y amena.<\/p>\n<span class=\"embed-youtube\" style=\"text-align:center; display: block;\"><iframe loading=\"lazy\" class=\"youtube-player\" width=\"640\" height=\"360\" src=\"https:\/\/www.youtube.com\/embed\/MDvScMsA3uE?version=3&#038;rel=0&#038;showsearch=0&#038;showinfo=1&#038;iv_load_policy=1&#038;fs=1&#038;hl=es-ES&#038;autohide=2&#038;wmode=transparent\" allowfullscreen=\"true\" style=\"border:0;\" sandbox=\"allow-scripts allow-same-origin allow-popups allow-presentation allow-popups-to-escape-sandbox\"><\/iframe><\/span>\n<p>&nbsp;<\/p>\n<p>Hay que remarcar que la totalidad del trabajo fue hecho <strong>ad honorem<\/strong>, pero tambi\u00e9n es destacable la valent\u00eda de los pacientes para afrontar su problem\u00e1ticas, no qued\u00e1ndose de brazos cruzados y buscarle una soluci\u00f3n.<\/p>\n<p>As\u00ed de esta manera, retomando el planteo inicial del papel del dise\u00f1o en lo social, se puede decir que es imprescindible que ocurran este tipo de casos, porque con una buena estrategia de comunicaci\u00f3n se puede hacer mucho m\u00e1s que vender un producto, se puede ayudar a alguien que de verdad lo necesite.<\/p>\n<p>&nbsp;<\/p>\n<p>Comitente: <a title=\"Asociaci\u00f3n Parkinson Alicante\" href=\"http:\/\/exhombreslobo.com\/\" target=\"_blank\">Asociaci\u00f3n Parkinson Alicante<\/a><br \/>\nAgencia: <a title=\"GettingBetter Creative Studio\" href=\"http:\/\/www.gettingbetter.es\/\" target=\"_blank\">GettingBetter Creative Studio<\/a><br \/>\nProductora: <a title=\"Kamestudio\" href=\"http:\/\/www.kamestudio.com\/\" target=\"_blank\">Kamestudio<\/a><\/p>\n","protected":false},"excerpt":{"rendered":"<p>\u00bf Qu\u00e9 tan importante es el dise\u00f1o en su funci\u00f3n social? \u00bfQu\u00e9 cosas puede aportar a la sociedad?<\/p>\n","protected":false},"author":263,"featured_media":4143,"comment_status":"closed","ping_status":"closed","sticky":false,"template":"","format":"standard","meta":{"jetpack_post_was_ever_published":false,"_jetpack_newsletter_access":"","_jetpack_dont_email_post_to_subs":false,"_jetpack_newsletter_tier_id":0,"_jetpack_memberships_contains_paywalled_content":false,"_jetpack_memberships_contains_paid_content":false,"footnotes":""},"categories":[3],"tags":[215,214,213,212,18],"class_list":["post-4121","post","type-post","status-publish","format-standard","has-post-thumbnail","hentry","category-sistemas","tag-cine","tag-diseno-social","tag-handwriting","tag-lettering","tag-sistemas-2"],"jetpack_featured_media_url":"https:\/\/www.catedracosgaya.com.ar\/tipoblog\/2014\/wp-content\/uploads\/2014\/08\/teenwolf2.jpg","jetpack_shortlink":"https:\/\/wp.me\/p4rrRH-14t","jetpack_sharing_enabled":true,"_links":{"self":[{"href":"https:\/\/www.catedracosgaya.com.ar\/tipoblog\/2014\/wp-json\/wp\/v2\/posts\/4121","targetHints":{"allow":["GET"]}}],"collection":[{"href":"https:\/\/www.catedracosgaya.com.ar\/tipoblog\/2014\/wp-json\/wp\/v2\/posts"}],"about":[{"href":"https:\/\/www.catedracosgaya.com.ar\/tipoblog\/2014\/wp-json\/wp\/v2\/types\/post"}],"author":[{"embeddable":true,"href":"https:\/\/www.catedracosgaya.com.ar\/tipoblog\/2014\/wp-json\/wp\/v2\/users\/263"}],"replies":[{"embeddable":true,"href":"https:\/\/www.catedracosgaya.com.ar\/tipoblog\/2014\/wp-json\/wp\/v2\/comments?post=4121"}],"version-history":[{"count":19,"href":"https:\/\/www.catedracosgaya.com.ar\/tipoblog\/2014\/wp-json\/wp\/v2\/posts\/4121\/revisions"}],"predecessor-version":[{"id":4236,"href":"https:\/\/www.catedracosgaya.com.ar\/tipoblog\/2014\/wp-json\/wp\/v2\/posts\/4121\/revisions\/4236"}],"wp:featuredmedia":[{"embeddable":true,"href":"https:\/\/www.catedracosgaya.com.ar\/tipoblog\/2014\/wp-json\/wp\/v2\/media\/4143"}],"wp:attachment":[{"href":"https:\/\/www.catedracosgaya.com.ar\/tipoblog\/2014\/wp-json\/wp\/v2\/media?parent=4121"}],"wp:term":[{"taxonomy":"category","embeddable":true,"href":"https:\/\/www.catedracosgaya.com.ar\/tipoblog\/2014\/wp-json\/wp\/v2\/categories?post=4121"},{"taxonomy":"post_tag","embeddable":true,"href":"https:\/\/www.catedracosgaya.com.ar\/tipoblog\/2014\/wp-json\/wp\/v2\/tags?post=4121"}],"curies":[{"name":"wp","href":"https:\/\/api.w.org\/{rel}","templated":true}]}}