{"id":3986,"date":"2014-07-11T02:33:35","date_gmt":"2014-07-11T02:33:35","guid":{"rendered":"http:\/\/www.catedracosgaya.com.ar\/tipoblog\/2014\/?p=3986"},"modified":"2014-07-11T13:34:14","modified_gmt":"2014-07-11T13:34:14","slug":"luchar-contra-el-analfabetismo","status":"publish","type":"post","link":"https:\/\/www.catedracosgaya.com.ar\/tipoblog\/2014\/luchar-contra-el-analfabetismo\/","title":{"rendered":"Luchar contra el analfabetismo"},"content":{"rendered":"<p>En el 2012 un grupo de 100 artistas provenientes de diferentes partes del mundo se unieron a este proyecto, surgido en B\u00e9lgica, que deseaba luchar contra el analfabetismo redise\u00f1ando las portadas de los libros que est\u00e1n entre las \u00ab100 mejores novelas de todos los tiempos\u00bb.<\/p>\n<p>La convocatoria fue exitosa, artistas de diferentes partes del mundo deseaban forman parte de proyecto, y al decidirse ten\u00edan una lista de 100 participantes entre ellos: ilustradores, dise\u00f1adores, directores de arte, pintores, artistas, fot\u00f3grafos, incluso estudiantes de arquitectura y profesores.<\/p>\n<p style=\"text-align: left\">Bastante gente de B\u00e9lgica, Reino Unido, Espa\u00f1a y otros pa\u00edses europeos formaron parte de este incre\u00edble proyecto, pero lo atractivo fue que desde que se inici\u00f3 fue a nivel mundial por lo que \u00a0tambi\u00e9n \u00a0lleg\u00f3 a artistas de Estados Unidos, Jap\u00f3n, Corea del Sur, Singapur, Honk Kong, Australia, Nueva Zelanda, Sud\u00e1frica, Turqu\u00eda,Israel, Rusia, Argentina, Brasil y M\u00e9xico.<\/p>\n<p style=\"text-align: left\">El resultado fue espectacular, con una gran colecci\u00f3n de portadas\u00a0que atrajo al p\u00fablico, ya que ten\u00edan la esperanza de que esta colecci\u00f3n llame la atenci\u00f3n de las personas en relaci\u00f3n a la lectura de hoy en d\u00eda. Algunos carteles llevaron al espectador de vuelta a la experiencia de lectura agradable de\u00a0esos cl\u00e1sicos que muchos leimos en la escuela (como es \u00a0el caso de Don Quijote) y tambi\u00e9n los cautivo esta nueva interpretaci\u00f3n del artista que invita al espectador a releer un libro, pero todos y cada uno de los 100 carteles recuerda la importancia de saber leer promoviendo ante todo la educaci\u00f3n.<\/p>\n<p style=\"text-align: left\">Algunas de las portadas representadas fueron: &#8216;Ulises&#8217; de James Jayce, &#8216;Todo se desmorona&#8217; de China Achebe, &#8216;Moby dick&#8217; de Herman Melville, &#8216;Man without women&#8217; de Ernest Hemingway, &#8216;Lolita&#8217; de Vladimir Nabokov, &#8216;Frankenstein&#8217; de Mary Shelley, &#8216;Don quijote&#8217; de Miguel de Cervantes y &#8216;100 a\u00f1os de soledad&#8217; de Gabriel Garc\u00eda Marquez.<a href=\"http:\/\/www.catedracosgaya.com.ar\/tipoblog\/2014\/wp-content\/uploads\/2014\/07\/Don-quijote-Miguel-de-Cervantes1.jpg\"><img loading=\"lazy\" decoding=\"async\" data-attachment-id=\"3997\" data-permalink=\"https:\/\/www.catedracosgaya.com.ar\/tipoblog\/2014\/luchar-contra-el-analfabetismo\/don-quijote-miguel-de-cervantes-2\/\" data-orig-file=\"https:\/\/www.catedracosgaya.com.ar\/tipoblog\/2014\/wp-content\/uploads\/2014\/07\/Don-quijote-Miguel-de-Cervantes1.jpg\" data-orig-size=\"338,479\" data-comments-opened=\"0\" data-image-meta=\"{&quot;aperture&quot;:&quot;0&quot;,&quot;credit&quot;:&quot;&quot;,&quot;camera&quot;:&quot;&quot;,&quot;caption&quot;:&quot;&quot;,&quot;created_timestamp&quot;:&quot;0&quot;,&quot;copyright&quot;:&quot;&quot;,&quot;focal_length&quot;:&quot;0&quot;,&quot;iso&quot;:&quot;0&quot;,&quot;shutter_speed&quot;:&quot;0&quot;,&quot;title&quot;:&quot;&quot;}\" data-image-title=\"Don quijote Miguel de Cervantes\" data-image-description=\"\" data-image-caption=\"\" data-large-file=\"https:\/\/www.catedracosgaya.com.ar\/tipoblog\/2014\/wp-content\/uploads\/2014\/07\/Don-quijote-Miguel-de-Cervantes1.jpg\" class=\"alignnone size-medium wp-image-3997\" src=\"http:\/\/www.catedracosgaya.com.ar\/tipoblog\/2014\/wp-content\/uploads\/2014\/07\/Don-quijote-Miguel-de-Cervantes1-211x300.jpg\" alt=\"Don quijote Miguel de Cervantes\" width=\"211\" height=\"300\" srcset=\"https:\/\/www.catedracosgaya.com.ar\/tipoblog\/2014\/wp-content\/uploads\/2014\/07\/Don-quijote-Miguel-de-Cervantes1-211x300.jpg 211w, https:\/\/www.catedracosgaya.com.ar\/tipoblog\/2014\/wp-content\/uploads\/2014\/07\/Don-quijote-Miguel-de-Cervantes1.jpg 338w\" sizes=\"auto, (max-width: 211px) 100vw, 211px\" \/><\/a><a href=\"http:\/\/www.catedracosgaya.com.ar\/tipoblog\/2014\/wp-content\/uploads\/2014\/07\/1984-George-Orwell.jpg\"><img loading=\"lazy\" decoding=\"async\" data-attachment-id=\"3995\" data-permalink=\"https:\/\/www.catedracosgaya.com.ar\/tipoblog\/2014\/luchar-contra-el-analfabetismo\/1984-george-orwell\/\" data-orig-file=\"https:\/\/www.catedracosgaya.com.ar\/tipoblog\/2014\/wp-content\/uploads\/2014\/07\/1984-George-Orwell.jpg\" data-orig-size=\"335,486\" data-comments-opened=\"0\" data-image-meta=\"{&quot;aperture&quot;:&quot;0&quot;,&quot;credit&quot;:&quot;&quot;,&quot;camera&quot;:&quot;&quot;,&quot;caption&quot;:&quot;&quot;,&quot;created_timestamp&quot;:&quot;0&quot;,&quot;copyright&quot;:&quot;&quot;,&quot;focal_length&quot;:&quot;0&quot;,&quot;iso&quot;:&quot;0&quot;,&quot;shutter_speed&quot;:&quot;0&quot;,&quot;title&quot;:&quot;&quot;}\" data-image-title=\"1984 George Orwell\" data-image-description=\"\" data-image-caption=\"\" data-large-file=\"https:\/\/www.catedracosgaya.com.ar\/tipoblog\/2014\/wp-content\/uploads\/2014\/07\/1984-George-Orwell.jpg\" class=\"alignnone size-medium wp-image-3995\" src=\"http:\/\/www.catedracosgaya.com.ar\/tipoblog\/2014\/wp-content\/uploads\/2014\/07\/1984-George-Orwell-206x300.jpg\" alt=\"1984 George Orwell\" width=\"206\" height=\"300\" srcset=\"https:\/\/www.catedracosgaya.com.ar\/tipoblog\/2014\/wp-content\/uploads\/2014\/07\/1984-George-Orwell-206x300.jpg 206w, https:\/\/www.catedracosgaya.com.ar\/tipoblog\/2014\/wp-content\/uploads\/2014\/07\/1984-George-Orwell-228x331.jpg 228w, https:\/\/www.catedracosgaya.com.ar\/tipoblog\/2014\/wp-content\/uploads\/2014\/07\/1984-George-Orwell.jpg 335w\" sizes=\"auto, (max-width: 206px) 100vw, 206px\" \/><\/a><a href=\"http:\/\/www.catedracosgaya.com.ar\/tipoblog\/2014\/wp-content\/uploads\/2014\/07\/100-a\u00f1os-de-soledad-Gabriel-Garcia-Marquez.jpg\"><img loading=\"lazy\" decoding=\"async\" data-attachment-id=\"3994\" data-permalink=\"https:\/\/www.catedracosgaya.com.ar\/tipoblog\/2014\/luchar-contra-el-analfabetismo\/100-anos-de-soledad-gabriel-garcia-marquez\/\" data-orig-file=\"https:\/\/www.catedracosgaya.com.ar\/tipoblog\/2014\/wp-content\/uploads\/2014\/07\/100-a\u00f1os-de-soledad-Gabriel-Garcia-Marquez.jpg\" data-orig-size=\"336,473\" data-comments-opened=\"0\" data-image-meta=\"{&quot;aperture&quot;:&quot;0&quot;,&quot;credit&quot;:&quot;&quot;,&quot;camera&quot;:&quot;&quot;,&quot;caption&quot;:&quot;&quot;,&quot;created_timestamp&quot;:&quot;0&quot;,&quot;copyright&quot;:&quot;&quot;,&quot;focal_length&quot;:&quot;0&quot;,&quot;iso&quot;:&quot;0&quot;,&quot;shutter_speed&quot;:&quot;0&quot;,&quot;title&quot;:&quot;&quot;}\" data-image-title=\"100 a\u00f1os de soledad, Gabriel Garcia Marquez\" data-image-description=\"\" data-image-caption=\"\" data-large-file=\"https:\/\/www.catedracosgaya.com.ar\/tipoblog\/2014\/wp-content\/uploads\/2014\/07\/100-a\u00f1os-de-soledad-Gabriel-Garcia-Marquez.jpg\" class=\"alignnone size-medium wp-image-3994\" src=\"http:\/\/www.catedracosgaya.com.ar\/tipoblog\/2014\/wp-content\/uploads\/2014\/07\/100-a\u00f1os-de-soledad-Gabriel-Garcia-Marquez-213x300.jpg\" alt=\"100 a\u00f1os de soledad, Gabriel Garcia Marquez\" width=\"213\" height=\"300\" srcset=\"https:\/\/www.catedracosgaya.com.ar\/tipoblog\/2014\/wp-content\/uploads\/2014\/07\/100-a\u00f1os-de-soledad-Gabriel-Garcia-Marquez-213x300.jpg 213w, https:\/\/www.catedracosgaya.com.ar\/tipoblog\/2014\/wp-content\/uploads\/2014\/07\/100-a\u00f1os-de-soledad-Gabriel-Garcia-Marquez.jpg 336w\" sizes=\"auto, (max-width: 213px) 100vw, 213px\" \/><\/a><a href=\"http:\/\/www.catedracosgaya.com.ar\/tipoblog\/2014\/wp-content\/uploads\/2014\/07\/Lolita-Vladimir-Nabokov.jpg\"><img loading=\"lazy\" decoding=\"async\" data-attachment-id=\"3992\" data-permalink=\"https:\/\/www.catedracosgaya.com.ar\/tipoblog\/2014\/luchar-contra-el-analfabetismo\/lolita-vladimir-nabokov\/\" data-orig-file=\"https:\/\/www.catedracosgaya.com.ar\/tipoblog\/2014\/wp-content\/uploads\/2014\/07\/Lolita-Vladimir-Nabokov.jpg\" data-orig-size=\"341,453\" data-comments-opened=\"0\" data-image-meta=\"{&quot;aperture&quot;:&quot;0&quot;,&quot;credit&quot;:&quot;&quot;,&quot;camera&quot;:&quot;&quot;,&quot;caption&quot;:&quot;&quot;,&quot;created_timestamp&quot;:&quot;0&quot;,&quot;copyright&quot;:&quot;&quot;,&quot;focal_length&quot;:&quot;0&quot;,&quot;iso&quot;:&quot;0&quot;,&quot;shutter_speed&quot;:&quot;0&quot;,&quot;title&quot;:&quot;&quot;}\" data-image-title=\"Lolita Vladimir Nabokov\" data-image-description=\"\" data-image-caption=\"\" data-large-file=\"https:\/\/www.catedracosgaya.com.ar\/tipoblog\/2014\/wp-content\/uploads\/2014\/07\/Lolita-Vladimir-Nabokov.jpg\" class=\"alignnone size-medium wp-image-3992\" src=\"http:\/\/www.catedracosgaya.com.ar\/tipoblog\/2014\/wp-content\/uploads\/2014\/07\/Lolita-Vladimir-Nabokov-225x300.jpg\" alt=\"Lolita Vladimir Nabokov\" width=\"225\" height=\"300\" srcset=\"https:\/\/www.catedracosgaya.com.ar\/tipoblog\/2014\/wp-content\/uploads\/2014\/07\/Lolita-Vladimir-Nabokov-225x300.jpg 225w, https:\/\/www.catedracosgaya.com.ar\/tipoblog\/2014\/wp-content\/uploads\/2014\/07\/Lolita-Vladimir-Nabokov.jpg 341w\" sizes=\"auto, (max-width: 225px) 100vw, 225px\" \/><\/a><a href=\"http:\/\/www.catedracosgaya.com.ar\/tipoblog\/2014\/wp-content\/uploads\/2014\/07\/Man-without-women-Ernest-Hemingway.jpg\"><img loading=\"lazy\" decoding=\"async\" data-attachment-id=\"3991\" data-permalink=\"https:\/\/www.catedracosgaya.com.ar\/tipoblog\/2014\/luchar-contra-el-analfabetismo\/man-without-women-ernest-hemingway\/\" data-orig-file=\"https:\/\/www.catedracosgaya.com.ar\/tipoblog\/2014\/wp-content\/uploads\/2014\/07\/Man-without-women-Ernest-Hemingway.jpg\" data-orig-size=\"333,480\" data-comments-opened=\"0\" data-image-meta=\"{&quot;aperture&quot;:&quot;0&quot;,&quot;credit&quot;:&quot;&quot;,&quot;camera&quot;:&quot;&quot;,&quot;caption&quot;:&quot;&quot;,&quot;created_timestamp&quot;:&quot;0&quot;,&quot;copyright&quot;:&quot;&quot;,&quot;focal_length&quot;:&quot;0&quot;,&quot;iso&quot;:&quot;0&quot;,&quot;shutter_speed&quot;:&quot;0&quot;,&quot;title&quot;:&quot;&quot;}\" data-image-title=\"Man without women &amp;#8211; Ernest Hemingway\" data-image-description=\"\" data-image-caption=\"\" data-large-file=\"https:\/\/www.catedracosgaya.com.ar\/tipoblog\/2014\/wp-content\/uploads\/2014\/07\/Man-without-women-Ernest-Hemingway.jpg\" class=\"alignnone size-medium wp-image-3991\" src=\"http:\/\/www.catedracosgaya.com.ar\/tipoblog\/2014\/wp-content\/uploads\/2014\/07\/Man-without-women-Ernest-Hemingway-208x300.jpg\" alt=\"Man without women - Ernest Hemingway\" width=\"208\" height=\"300\" srcset=\"https:\/\/www.catedracosgaya.com.ar\/tipoblog\/2014\/wp-content\/uploads\/2014\/07\/Man-without-women-Ernest-Hemingway-208x300.jpg 208w, https:\/\/www.catedracosgaya.com.ar\/tipoblog\/2014\/wp-content\/uploads\/2014\/07\/Man-without-women-Ernest-Hemingway.jpg 333w\" sizes=\"auto, (max-width: 208px) 100vw, 208px\" \/><img loading=\"lazy\" decoding=\"async\" data-attachment-id=\"4010\" data-permalink=\"https:\/\/www.catedracosgaya.com.ar\/tipoblog\/2014\/luchar-contra-el-analfabetismo\/frankenstein-mary-shelley\/\" data-orig-file=\"https:\/\/www.catedracosgaya.com.ar\/tipoblog\/2014\/wp-content\/uploads\/2014\/07\/Frankenstein-Mary-Shelley.jpg\" data-orig-size=\"335,486\" data-comments-opened=\"0\" data-image-meta=\"{&quot;aperture&quot;:&quot;0&quot;,&quot;credit&quot;:&quot;&quot;,&quot;camera&quot;:&quot;&quot;,&quot;caption&quot;:&quot;&quot;,&quot;created_timestamp&quot;:&quot;0&quot;,&quot;copyright&quot;:&quot;&quot;,&quot;focal_length&quot;:&quot;0&quot;,&quot;iso&quot;:&quot;0&quot;,&quot;shutter_speed&quot;:&quot;0&quot;,&quot;title&quot;:&quot;&quot;}\" data-image-title=\"Frankenstein Mary Shelley\" data-image-description=\"\" data-image-caption=\"\" data-large-file=\"https:\/\/www.catedracosgaya.com.ar\/tipoblog\/2014\/wp-content\/uploads\/2014\/07\/Frankenstein-Mary-Shelley.jpg\" class=\"alignnone size-medium wp-image-4010\" src=\"http:\/\/www.catedracosgaya.com.ar\/tipoblog\/2014\/wp-content\/uploads\/2014\/07\/Frankenstein-Mary-Shelley-206x300.jpg\" alt=\"Frankenstein Mary Shelley\" width=\"206\" height=\"300\" srcset=\"https:\/\/www.catedracosgaya.com.ar\/tipoblog\/2014\/wp-content\/uploads\/2014\/07\/Frankenstein-Mary-Shelley-206x300.jpg 206w, https:\/\/www.catedracosgaya.com.ar\/tipoblog\/2014\/wp-content\/uploads\/2014\/07\/Frankenstein-Mary-Shelley-228x331.jpg 228w, https:\/\/www.catedracosgaya.com.ar\/tipoblog\/2014\/wp-content\/uploads\/2014\/07\/Frankenstein-Mary-Shelley.jpg 335w\" sizes=\"auto, (max-width: 206px) 100vw, 206px\" \/><img loading=\"lazy\" decoding=\"async\" data-attachment-id=\"4011\" data-permalink=\"https:\/\/www.catedracosgaya.com.ar\/tipoblog\/2014\/luchar-contra-el-analfabetismo\/moby-dick-herman-melville\/\" data-orig-file=\"https:\/\/www.catedracosgaya.com.ar\/tipoblog\/2014\/wp-content\/uploads\/2014\/07\/Moby-Dick-Herman-Melville.jpg\" data-orig-size=\"336,481\" data-comments-opened=\"0\" data-image-meta=\"{&quot;aperture&quot;:&quot;0&quot;,&quot;credit&quot;:&quot;&quot;,&quot;camera&quot;:&quot;&quot;,&quot;caption&quot;:&quot;&quot;,&quot;created_timestamp&quot;:&quot;0&quot;,&quot;copyright&quot;:&quot;&quot;,&quot;focal_length&quot;:&quot;0&quot;,&quot;iso&quot;:&quot;0&quot;,&quot;shutter_speed&quot;:&quot;0&quot;,&quot;title&quot;:&quot;&quot;}\" data-image-title=\"Moby Dick  Herman Melville\" data-image-description=\"\" data-image-caption=\"\" data-large-file=\"https:\/\/www.catedracosgaya.com.ar\/tipoblog\/2014\/wp-content\/uploads\/2014\/07\/Moby-Dick-Herman-Melville.jpg\" class=\"alignnone size-medium wp-image-4011\" src=\"http:\/\/www.catedracosgaya.com.ar\/tipoblog\/2014\/wp-content\/uploads\/2014\/07\/Moby-Dick-Herman-Melville-209x300.jpg\" alt=\"Moby Dick  Herman Melville\" width=\"209\" height=\"300\" srcset=\"https:\/\/www.catedracosgaya.com.ar\/tipoblog\/2014\/wp-content\/uploads\/2014\/07\/Moby-Dick-Herman-Melville-209x300.jpg 209w, https:\/\/www.catedracosgaya.com.ar\/tipoblog\/2014\/wp-content\/uploads\/2014\/07\/Moby-Dick-Herman-Melville.jpg 336w\" sizes=\"auto, (max-width: 209px) 100vw, 209px\" \/><img loading=\"lazy\" decoding=\"async\" data-attachment-id=\"4012\" data-permalink=\"https:\/\/www.catedracosgaya.com.ar\/tipoblog\/2014\/luchar-contra-el-analfabetismo\/todo-se-desmorona-chinua-achebe\/\" data-orig-file=\"https:\/\/www.catedracosgaya.com.ar\/tipoblog\/2014\/wp-content\/uploads\/2014\/07\/Todo-se-desmorona-Chinua-Achebe.jpg\" data-orig-size=\"335,483\" data-comments-opened=\"0\" data-image-meta=\"{&quot;aperture&quot;:&quot;0&quot;,&quot;credit&quot;:&quot;&quot;,&quot;camera&quot;:&quot;&quot;,&quot;caption&quot;:&quot;&quot;,&quot;created_timestamp&quot;:&quot;0&quot;,&quot;copyright&quot;:&quot;&quot;,&quot;focal_length&quot;:&quot;0&quot;,&quot;iso&quot;:&quot;0&quot;,&quot;shutter_speed&quot;:&quot;0&quot;,&quot;title&quot;:&quot;&quot;}\" data-image-title=\"Todo se desmorona &amp;#8211; Chinua Achebe\" data-image-description=\"\" data-image-caption=\"\" data-large-file=\"https:\/\/www.catedracosgaya.com.ar\/tipoblog\/2014\/wp-content\/uploads\/2014\/07\/Todo-se-desmorona-Chinua-Achebe.jpg\" class=\"alignnone size-medium wp-image-4012\" src=\"http:\/\/www.catedracosgaya.com.ar\/tipoblog\/2014\/wp-content\/uploads\/2014\/07\/Todo-se-desmorona-Chinua-Achebe-208x300.jpg\" alt=\"Todo se desmorona - Chinua Achebe\" width=\"208\" height=\"300\" srcset=\"https:\/\/www.catedracosgaya.com.ar\/tipoblog\/2014\/wp-content\/uploads\/2014\/07\/Todo-se-desmorona-Chinua-Achebe-208x300.jpg 208w, https:\/\/www.catedracosgaya.com.ar\/tipoblog\/2014\/wp-content\/uploads\/2014\/07\/Todo-se-desmorona-Chinua-Achebe.jpg 335w\" sizes=\"auto, (max-width: 208px) 100vw, 208px\" \/><img loading=\"lazy\" decoding=\"async\" data-attachment-id=\"4013\" data-permalink=\"https:\/\/www.catedracosgaya.com.ar\/tipoblog\/2014\/luchar-contra-el-analfabetismo\/uliss-jams-jayc\/\" data-orig-file=\"https:\/\/www.catedracosgaya.com.ar\/tipoblog\/2014\/wp-content\/uploads\/2014\/07\/Uliss-Jams-Jayc.jpg\" data-orig-size=\"339,479\" data-comments-opened=\"0\" data-image-meta=\"{&quot;aperture&quot;:&quot;0&quot;,&quot;credit&quot;:&quot;&quot;,&quot;camera&quot;:&quot;&quot;,&quot;caption&quot;:&quot;&quot;,&quot;created_timestamp&quot;:&quot;0&quot;,&quot;copyright&quot;:&quot;&quot;,&quot;focal_length&quot;:&quot;0&quot;,&quot;iso&quot;:&quot;0&quot;,&quot;shutter_speed&quot;:&quot;0&quot;,&quot;title&quot;:&quot;&quot;}\" data-image-title=\"Uliss Jams Jayc\" data-image-description=\"\" data-image-caption=\"\" data-large-file=\"https:\/\/www.catedracosgaya.com.ar\/tipoblog\/2014\/wp-content\/uploads\/2014\/07\/Uliss-Jams-Jayc.jpg\" class=\"alignnone size-medium wp-image-4013\" src=\"http:\/\/www.catedracosgaya.com.ar\/tipoblog\/2014\/wp-content\/uploads\/2014\/07\/Uliss-Jams-Jayc-212x300.jpg\" alt=\"Uliss Jams Jayc\" width=\"212\" height=\"300\" srcset=\"https:\/\/www.catedracosgaya.com.ar\/tipoblog\/2014\/wp-content\/uploads\/2014\/07\/Uliss-Jams-Jayc-212x300.jpg 212w, https:\/\/www.catedracosgaya.com.ar\/tipoblog\/2014\/wp-content\/uploads\/2014\/07\/Uliss-Jams-Jayc.jpg 339w\" sizes=\"auto, (max-width: 212px) 100vw, 212px\" \/><\/a><\/p>\n<p style=\"text-align: left\">La colecci\u00f3n se present\u00f3 el 8 de septiembre proclamando el D\u00eda Internacional de la alfabetizaci\u00f3n por la UNESCO y viaj\u00f3 por diferentes lugares como Bruselas, Maastricht y Londres. Los carteles se vendian en l\u00ednea para ayudar a financiar la lucha contra el analfabetismo y por cada cartel vendido 5 euros se destinaban a proyectos de la UNESCO en \u00c1frica y 5 euros iban al dise\u00f1ador de la portada.<\/p>\n<p style=\"text-align: left\">Quise compartir esto no solo porque me pareci\u00f3 sumamente importante este proyecto en el que los dise\u00f1adores estamos conectados con las problem\u00e1ticas actuales sino que adem\u00e1s quer\u00eda compartir (como ya vimos en la\u00a0\u00a0\u00a0\u00a0te\u00f3rica) el impacto que tienen las portadas a la hora de elegir un libro para leer. Me pareci\u00f3 atractiva la propuesta de poder admirar la gran variedad de portadas de estos distintos dise\u00f1adores y que, cada uno de ellos con su impronta representa una nueva propuesta de portada de los cl\u00e1sicos de la literatura.<\/p>\n<p style=\"text-align: left\">Les dejo el enlace para que puedan ver todas las <a href=\"http:\/\/www.doedemee.be\/showcase\">portadas<\/a>.<\/p>\n","protected":false},"excerpt":{"rendered":"<p>Buscando informaci\u00f3n para este post decid\u00ed enfocarme en las portadas de los libros y me encontr\u00e9 con un proyecto internacional muy interesante que convoc\u00f3 a distintos dise\u00f1adores para crear una portada de tama\u00f1o p\u00f3ster, con el objetivo principal de lograr que se tome consciencia sobre las problem\u00e1ticas relacionadas con el analfabetismo.<\/p>\n","protected":false},"author":249,"featured_media":3997,"comment_status":"closed","ping_status":"closed","sticky":false,"template":"","format":"standard","meta":{"jetpack_post_was_ever_published":false,"_jetpack_newsletter_access":"","_jetpack_dont_email_post_to_subs":false,"_jetpack_newsletter_tier_id":0,"_jetpack_memberships_contains_paywalled_content":false,"_jetpack_memberships_contains_paid_content":false,"footnotes":""},"categories":[6],"tags":[176,23,189],"class_list":["post-3986","post","type-post","status-publish","format-standard","has-post-thumbnail","hentry","category-libro","tag-diseno-de-tapa","tag-libro-2","tag-portada"],"jetpack_featured_media_url":"https:\/\/www.catedracosgaya.com.ar\/tipoblog\/2014\/wp-content\/uploads\/2014\/07\/Don-quijote-Miguel-de-Cervantes1.jpg","jetpack_shortlink":"https:\/\/wp.me\/p4rrRH-12i","jetpack_sharing_enabled":true,"_links":{"self":[{"href":"https:\/\/www.catedracosgaya.com.ar\/tipoblog\/2014\/wp-json\/wp\/v2\/posts\/3986","targetHints":{"allow":["GET"]}}],"collection":[{"href":"https:\/\/www.catedracosgaya.com.ar\/tipoblog\/2014\/wp-json\/wp\/v2\/posts"}],"about":[{"href":"https:\/\/www.catedracosgaya.com.ar\/tipoblog\/2014\/wp-json\/wp\/v2\/types\/post"}],"author":[{"embeddable":true,"href":"https:\/\/www.catedracosgaya.com.ar\/tipoblog\/2014\/wp-json\/wp\/v2\/users\/249"}],"replies":[{"embeddable":true,"href":"https:\/\/www.catedracosgaya.com.ar\/tipoblog\/2014\/wp-json\/wp\/v2\/comments?post=3986"}],"version-history":[{"count":8,"href":"https:\/\/www.catedracosgaya.com.ar\/tipoblog\/2014\/wp-json\/wp\/v2\/posts\/3986\/revisions"}],"predecessor-version":[{"id":4014,"href":"https:\/\/www.catedracosgaya.com.ar\/tipoblog\/2014\/wp-json\/wp\/v2\/posts\/3986\/revisions\/4014"}],"wp:featuredmedia":[{"embeddable":true,"href":"https:\/\/www.catedracosgaya.com.ar\/tipoblog\/2014\/wp-json\/wp\/v2\/media\/3997"}],"wp:attachment":[{"href":"https:\/\/www.catedracosgaya.com.ar\/tipoblog\/2014\/wp-json\/wp\/v2\/media?parent=3986"}],"wp:term":[{"taxonomy":"category","embeddable":true,"href":"https:\/\/www.catedracosgaya.com.ar\/tipoblog\/2014\/wp-json\/wp\/v2\/categories?post=3986"},{"taxonomy":"post_tag","embeddable":true,"href":"https:\/\/www.catedracosgaya.com.ar\/tipoblog\/2014\/wp-json\/wp\/v2\/tags?post=3986"}],"curies":[{"name":"wp","href":"https:\/\/api.w.org\/{rel}","templated":true}]}}