{"id":3806,"date":"2014-06-23T05:14:38","date_gmt":"2014-06-23T05:14:38","guid":{"rendered":"http:\/\/www.catedracosgaya.com.ar\/tipoblog\/2014\/?p=3806"},"modified":"2014-06-23T05:14:38","modified_gmt":"2014-06-23T05:14:38","slug":"audiovisual-musica-ritmo-e-imagen","status":"publish","type":"post","link":"https:\/\/www.catedracosgaya.com.ar\/tipoblog\/2014\/audiovisual-musica-ritmo-e-imagen\/","title":{"rendered":"Audiovisual: M\u00fasica, ritmo e imagen."},"content":{"rendered":"<p>Reflexi\u00f3n sobre las composiciones audiovisuales y los recursos gr\u00e1ficos.<\/p>\n<p>Lograr transmitir gr\u00e1ficamente una canci\u00f3n o audio resulta ser una tarea compleja, que debe cuidar la coordinaci\u00f3n en los tiempos de lectura \/percepci\u00f3n. Para abrirnos un poco del ambiente impreso, busqu\u00e9 tres situaciones en donde existiera una convivencia entre el estilo gr\u00e1fico, tipograf\u00eda y ritmo. Es interesante reflexionar sobre la integraci\u00f3n de lo auditivo en lo gr\u00e1fico, ya que la sumatoria, crea una nueva realidad sensorial.<\/p>\n<p><span class=\"embed-youtube\" style=\"text-align:center; display: block;\"><iframe loading=\"lazy\" class=\"youtube-player\" width=\"640\" height=\"360\" src=\"https:\/\/www.youtube.com\/embed\/XIeFKTbg3Aw?version=3&#038;rel=1&#038;showsearch=0&#038;showinfo=1&#038;iv_load_policy=1&#038;fs=1&#038;hl=es-ES&#038;autohide=2&#038;wmode=transparent\" allowfullscreen=\"true\" style=\"border:0;\" sandbox=\"allow-scripts allow-same-origin allow-popups allow-presentation allow-popups-to-escape-sandbox\"><\/iframe><\/span><\/p>\n<p>En la pel\u00edcula \u00abHitch Hiker\u00bb (1953) es interesante que observen la combinaci\u00f3n de fuentes tipogr\u00e1ficas que utiliza en los cr\u00e9ditos del inicio y como se relaciona\/jerarquiza dentro del plano del video.<br \/>\nEn el a\u00f1o 2000, Disney public\u00f3 la pel\u00edcula \u00abFANTASIA\u00bb donde los dibujantes interpretaban distintas composici\u00f3n musicales. El corto \u00abRapsody in Blue\u00bb es destacable por la elecci\u00f3n de la ilustraci\u00f3n y colores utilizados estrechamente relacionado con el estilo gr\u00e1fico de la m\u00fasica de Jazz.<br \/>\n<span class=\"embed-youtube\" style=\"text-align:center; display: block;\"><iframe loading=\"lazy\" class=\"youtube-player\" width=\"640\" height=\"360\" src=\"https:\/\/www.youtube.com\/embed\/8rR367GrFhk?version=3&#038;rel=1&#038;showsearch=0&#038;showinfo=1&#038;iv_load_policy=1&#038;fs=1&#038;hl=es-ES&#038;autohide=2&#038;wmode=transparent&#038;listType=playlist&#038;list=PLdbTd3hByTUUZQ0UhHGYaokcJZ0DzAcez\" allowfullscreen=\"true\" style=\"border:0;\" sandbox=\"allow-scripts allow-same-origin allow-popups allow-presentation allow-popups-to-escape-sandbox\"><\/iframe><\/span><br \/>\nPor \u00faltimo, eleg\u00ed este ejemplo porque se convirti\u00f3 en parte de lo cotidiano: los Video Lyrycs. Una tendencia que se est\u00e1 explotando cada vez m\u00e1s en el mercado discogr\u00e1fico para crear publicidad de nuevas canciones. En este caso, se refleja la identidad de la banda \/ int\u00e9rprete \u00f3 el clima \/ estilo de la canci\u00f3n. La tipograf\u00eda domina la escena. Con juegos de jerarqu\u00edas, ritmos de entrada, misela\u00f1as e im\u00e1genes como soportes; crean composiciones gr\u00e1ficas que responden y complementan a la m\u00fasica.<br \/>\n<span class=\"embed-youtube\" style=\"text-align:center; display: block;\"><iframe loading=\"lazy\" class=\"youtube-player\" width=\"640\" height=\"360\" src=\"https:\/\/www.youtube.com\/embed\/HoT7MPS8WDM?version=3&#038;rel=1&#038;showsearch=0&#038;showinfo=1&#038;iv_load_policy=1&#038;fs=1&#038;hl=es-ES&#038;autohide=2&#038;wmode=transparent\" allowfullscreen=\"true\" style=\"border:0;\" sandbox=\"allow-scripts allow-same-origin allow-popups allow-presentation allow-popups-to-escape-sandbox\"><\/iframe><\/span><\/p>\n","protected":false},"excerpt":{"rendered":"<p>Reflexi\u00f3n sobre las composiciones audiovisuales y los recursos gr\u00e1ficos. Lograr transmitir gr\u00e1ficamente una canci\u00f3n o audio resulta ser una tarea compleja, que debe cuidar la coordinaci\u00f3n en los tiempos de lectura \/percepci\u00f3n. Para abrirnos un [&hellip;]<\/p>\n","protected":false},"author":230,"featured_media":3809,"comment_status":"closed","ping_status":"closed","sticky":false,"template":"","format":"standard","meta":{"jetpack_post_was_ever_published":false,"_jetpack_newsletter_access":"","_jetpack_dont_email_post_to_subs":false,"_jetpack_newsletter_tier_id":0,"_jetpack_memberships_contains_paywalled_content":false,"_jetpack_memberships_contains_paid_content":false,"footnotes":""},"categories":[7],"tags":[171,172,29,67],"class_list":["post-3806","post","type-post","status-publish","format-standard","has-post-thumbnail","hentry","category-vinilo","tag-audiovisual","tag-estilo-grafico","tag-ritmo","tag-vinilo-2"],"jetpack_featured_media_url":"https:\/\/www.catedracosgaya.com.ar\/tipoblog\/2014\/wp-content\/uploads\/2014\/06\/images.jpg","jetpack_shortlink":"https:\/\/wp.me\/p4rrRH-Zo","jetpack_sharing_enabled":true,"_links":{"self":[{"href":"https:\/\/www.catedracosgaya.com.ar\/tipoblog\/2014\/wp-json\/wp\/v2\/posts\/3806","targetHints":{"allow":["GET"]}}],"collection":[{"href":"https:\/\/www.catedracosgaya.com.ar\/tipoblog\/2014\/wp-json\/wp\/v2\/posts"}],"about":[{"href":"https:\/\/www.catedracosgaya.com.ar\/tipoblog\/2014\/wp-json\/wp\/v2\/types\/post"}],"author":[{"embeddable":true,"href":"https:\/\/www.catedracosgaya.com.ar\/tipoblog\/2014\/wp-json\/wp\/v2\/users\/230"}],"replies":[{"embeddable":true,"href":"https:\/\/www.catedracosgaya.com.ar\/tipoblog\/2014\/wp-json\/wp\/v2\/comments?post=3806"}],"version-history":[{"count":8,"href":"https:\/\/www.catedracosgaya.com.ar\/tipoblog\/2014\/wp-json\/wp\/v2\/posts\/3806\/revisions"}],"predecessor-version":[{"id":3816,"href":"https:\/\/www.catedracosgaya.com.ar\/tipoblog\/2014\/wp-json\/wp\/v2\/posts\/3806\/revisions\/3816"}],"wp:featuredmedia":[{"embeddable":true,"href":"https:\/\/www.catedracosgaya.com.ar\/tipoblog\/2014\/wp-json\/wp\/v2\/media\/3809"}],"wp:attachment":[{"href":"https:\/\/www.catedracosgaya.com.ar\/tipoblog\/2014\/wp-json\/wp\/v2\/media?parent=3806"}],"wp:term":[{"taxonomy":"category","embeddable":true,"href":"https:\/\/www.catedracosgaya.com.ar\/tipoblog\/2014\/wp-json\/wp\/v2\/categories?post=3806"},{"taxonomy":"post_tag","embeddable":true,"href":"https:\/\/www.catedracosgaya.com.ar\/tipoblog\/2014\/wp-json\/wp\/v2\/tags?post=3806"}],"curies":[{"name":"wp","href":"https:\/\/api.w.org\/{rel}","templated":true}]}}