{"id":3624,"date":"2014-06-11T20:11:41","date_gmt":"2014-06-11T20:11:41","guid":{"rendered":"http:\/\/www.catedracosgaya.com.ar\/tipoblog\/2014\/?p=3624"},"modified":"2014-06-23T03:01:25","modified_gmt":"2014-06-23T03:01:25","slug":"afiche-musical","status":"publish","type":"post","link":"https:\/\/www.catedracosgaya.com.ar\/tipoblog\/2014\/afiche-musical\/","title":{"rendered":"Afiche musical"},"content":{"rendered":"<p><strong><span style=\"color: #000000\"><span style=\"font-family: Calibri, sans-serif\"><span style=\"font-size: small\">\u00bfQu\u00e9 es la m\u00fasica?<\/span><\/span><\/span><\/strong><\/p>\n<p><span style=\"color: #000000\"><span style=\"font-family: Calibri, sans-serif\"><span style=\"font-size: small\">En griego \u00abel arte de las musas\u00bb. Es el arte de organizar sensible y l\u00f3gicamente una combinaci\u00f3n coherente de sonidos y silencios utilizando los principios fundamentales de la melod\u00eda, la armon\u00eda y el ritmo.<\/span><\/span><\/span><\/p>\n<p><strong><span style=\"color: #000000\"><span style=\"font-family: Calibri, sans-serif\"><span style=\"font-size: small\">Concepto de g\u00e9nero musical<\/span><\/span><\/span><\/strong><\/p>\n<p><span style=\"color: #000000\"><span style=\"font-family: Calibri, sans-serif\"><span style=\"font-size: small\">Un g\u00e9nero musical es una categor\u00eda que re\u00fane composiciones musicales que comparten distintos criterios de afinidad. Estos criterios pueden ser musicales, como el ritmo, la instrumentaci\u00f3n, las caracter\u00edsticas arm\u00f3nicas o mel\u00f3dicas o su estructura, as\u00ed como tambi\u00e9n basarse en caracter\u00edsticas no musicales, como la regi\u00f3n geogr\u00e1fica de origen, el per\u00edodo hist\u00f3rico, el contexto sociocultural u otros aspectos de una determinada cultura.<\/span><\/span><\/span><\/p>\n<p><a href=\"https:\/\/www.youtube.com\/watch?v=b4k-0S9cNZ4.\">CLICK ACA!!! peque\u00f1o resumen ilustrado de la historia de la m\u00fasica<\/a><\/p>\n<p>&nbsp;<\/p>\n<p><strong><span style=\"color: #000000\"><span style=\"font-family: Calibri, sans-serif\"><span style=\"font-size: small\">El afiche muscial<\/span><\/span><\/span><\/strong><\/p>\n<p><em><span style=\"color: #000000\"><span style=\"font-family: Calibri, sans-serif\"><span style=\"font-size: small\">Un poco de historia<\/span><\/span><\/span><\/em><\/p>\n<p>Durante m\u00e1s de doscientos a\u00f1os, se han exhibido afiches visualmente impactantes en lugares p\u00fablicos al rededor de todo el mundo, que se han dise\u00f1ado para atraer la atenci\u00f3n de transe\u00fantes. Los primeros afiches musicales como tales fueron volantes dibujados o escritos a mano para anunciar una interpretaci\u00f3n local.<\/p>\n<p><a name=\"IL_AD3\"><\/a><span style=\"color: #000000\"><span style=\"font-family: Calibri, sans-serif\"><span style=\"font-size: small\">La invenci\u00f3n de la imprenta cambi\u00f3 a la publicidad tanto como a la literatura. A medida que las imprentas se hac\u00edan m\u00e1s sofisticadas, tambi\u00e9n lo hac\u00eda la popularidad de la publicidad impresa.. El advenimiento de la litograf\u00eda a finales del siglo XVIII trajo el arte y las artes gr\u00e1ficas a una audiencia mucho m\u00e1s amplia. Los artistas y los impresores comerciales por igual eran capaces de reproducir\u00a0obras de arte en color. La litograf\u00eda cambi\u00f3 el mundo del arte y de la publicidad permitiendo que las im\u00e1genes viajaran en formas en las que nunca lo hab\u00edan hecho (en libros, impresiones y afiches).<\/span><\/span><\/span><\/p>\n<p><a href=\"http:\/\/www.catedracosgaya.com.ar\/tipoblog\/2014\/wp-content\/uploads\/2014\/06\/history-music-poster-2.1-800x800.jpg\"><img loading=\"lazy\" decoding=\"async\" data-attachment-id=\"3627\" data-permalink=\"https:\/\/www.catedracosgaya.com.ar\/tipoblog\/2014\/afiche-musical\/history-music-poster-2-1-800x800\/\" data-orig-file=\"https:\/\/www.catedracosgaya.com.ar\/tipoblog\/2014\/wp-content\/uploads\/2014\/06\/history-music-poster-2.1-800x800.jpg\" data-orig-size=\"179,500\" data-comments-opened=\"0\" data-image-meta=\"{&quot;aperture&quot;:&quot;0&quot;,&quot;credit&quot;:&quot;&quot;,&quot;camera&quot;:&quot;&quot;,&quot;caption&quot;:&quot;&quot;,&quot;created_timestamp&quot;:&quot;0&quot;,&quot;copyright&quot;:&quot;&quot;,&quot;focal_length&quot;:&quot;0&quot;,&quot;iso&quot;:&quot;0&quot;,&quot;shutter_speed&quot;:&quot;0&quot;,&quot;title&quot;:&quot;&quot;}\" data-image-title=\"history-music-poster-2.1-800&amp;#215;800\" data-image-description=\"\" data-image-caption=\"\" data-large-file=\"https:\/\/www.catedracosgaya.com.ar\/tipoblog\/2014\/wp-content\/uploads\/2014\/06\/history-music-poster-2.1-800x800.jpg\" class=\"alignnone size-medium wp-image-3627\" src=\"http:\/\/www.catedracosgaya.com.ar\/tipoblog\/2014\/wp-content\/uploads\/2014\/06\/history-music-poster-2.1-800x800-107x300.jpg\" alt=\"history-music-poster-2.1-800x800\" width=\"107\" height=\"300\" srcset=\"https:\/\/www.catedracosgaya.com.ar\/tipoblog\/2014\/wp-content\/uploads\/2014\/06\/history-music-poster-2.1-800x800-107x300.jpg 107w, https:\/\/www.catedracosgaya.com.ar\/tipoblog\/2014\/wp-content\/uploads\/2014\/06\/history-music-poster-2.1-800x800.jpg 179w\" sizes=\"auto, (max-width: 107px) 100vw, 107px\" \/><\/a><\/p>\n<p><span style=\"color: #000000\"><span style=\"font-family: Calibri, sans-serif\"><span style=\"font-size: small\">Durante el final de la era victoriana, la emergencia de\u00a0la Belle Epoque\u00a0trajo consigo un \u00e9nfasis en el arte y la belleza . As\u00ed, la era del afiche art\u00edstico naci\u00f3 y la primera gran era del afiche musical naci\u00f3, tambi\u00e9n. . Pronto, otros artistas serios (incluyendo a Jules Cheret, Toulouse-Lautrec y Bonnard) comenzaron a tomar encargos de publicidad, tambi\u00e9n. A medida que la era de\u00a0la Belle Epoque\u00a0daba paso a la era del Art Nouveau, los artistas como Alphonse Mucha comenzaron a crear hermosos afiches de entretenimiento art\u00edstico.<\/span><\/span><\/span><\/p>\n<p><a href=\"http:\/\/www.catedracosgaya.com.ar\/tipoblog\/2014\/wp-content\/uploads\/2014\/06\/Bals_de_l\u00b4Opera_1899.jpg\"><img loading=\"lazy\" decoding=\"async\" data-attachment-id=\"3626\" data-permalink=\"https:\/\/www.catedracosgaya.com.ar\/tipoblog\/2014\/afiche-musical\/bals_de_lopera_1899\/\" data-orig-file=\"https:\/\/www.catedracosgaya.com.ar\/tipoblog\/2014\/wp-content\/uploads\/2014\/06\/Bals_de_l\u00b4Opera_1899.jpg\" data-orig-size=\"275,400\" data-comments-opened=\"0\" data-image-meta=\"{&quot;aperture&quot;:&quot;0&quot;,&quot;credit&quot;:&quot;&quot;,&quot;camera&quot;:&quot;&quot;,&quot;caption&quot;:&quot;&quot;,&quot;created_timestamp&quot;:&quot;0&quot;,&quot;copyright&quot;:&quot;&quot;,&quot;focal_length&quot;:&quot;0&quot;,&quot;iso&quot;:&quot;0&quot;,&quot;shutter_speed&quot;:&quot;0&quot;,&quot;title&quot;:&quot;&quot;}\" data-image-title=\"Bals_de_l\u00b4Opera_1899\" data-image-description=\"\" data-image-caption=\"\" data-large-file=\"https:\/\/www.catedracosgaya.com.ar\/tipoblog\/2014\/wp-content\/uploads\/2014\/06\/Bals_de_l\u00b4Opera_1899.jpg\" class=\"alignnone size-medium wp-image-3626\" src=\"http:\/\/www.catedracosgaya.com.ar\/tipoblog\/2014\/wp-content\/uploads\/2014\/06\/Bals_de_l\u00b4Opera_1899-206x300.jpg\" alt=\"Bals_de_l\u00b4Opera_1899\" width=\"206\" height=\"300\" srcset=\"https:\/\/www.catedracosgaya.com.ar\/tipoblog\/2014\/wp-content\/uploads\/2014\/06\/Bals_de_l\u00b4Opera_1899-206x300.jpg 206w, https:\/\/www.catedracosgaya.com.ar\/tipoblog\/2014\/wp-content\/uploads\/2014\/06\/Bals_de_l\u00b4Opera_1899-228x331.jpg 228w, https:\/\/www.catedracosgaya.com.ar\/tipoblog\/2014\/wp-content\/uploads\/2014\/06\/Bals_de_l\u00b4Opera_1899.jpg 275w\" sizes=\"auto, (max-width: 206px) 100vw, 206px\" \/><\/a><\/p>\n<p><span style=\"color: #000000\"><span style=\"font-family: Calibri, sans-serif\"><span style=\"font-size: small\">La era del Art Nouveau fue sucedida por la era del Art Dec\u00f3, pero los afiches musicales fueron desplazados por dos contribuciones aun m\u00e1s grandes al siglo XX, las pel\u00edculas y la radio. A medida que la popularidad del cine y la radio, y luego la televisi\u00f3n, incrementaba, el uso de afiches para anunciar m\u00fasica y otros entretenimientos\u00a0adem\u00e1s del cine declinaron. Las interpretaciones musicales disminuyeron en popularidad con el advenimiento de la radio; cuando un int\u00e9rprete en vivo llegaba a la ciudad, los espect\u00e1culos a menudo eran promovidos en la radio. Las pel\u00edculas tambi\u00e9n formaban parte en el declive de los afiches musicales durante este tiempo. Aunque los afiches segu\u00edan siendo creados durante este tiempo, a menudo eran volantes, o incluso marquesinas, que no pod\u00edan ser preservados.<\/span><\/span><\/span><\/p>\n<p><strong><span style=\"color: #000000\"><span style=\"font-family: Calibri, sans-serif\"><span style=\"font-size: small\">Postmodernismo e impresi\u00f3n<\/span><\/span><\/span><\/strong><\/p>\n<p><em><span style=\"color: #000000\"><span style=\"font-family: Calibri, sans-serif\"><span style=\"font-size: small\">La Primera ola: afiches tipo pelea de boxeo<\/span><\/span><\/span><\/em><\/p>\n<p><span style=\"color: #000000\"><span style=\"font-family: Calibri, sans-serif\"><span style=\"font-size: small\">Son varios los afiches de recitales que se remontan a la d\u00e9cada de 1940 y 50, los cuales eran principalmente dise\u00f1os sencillos, audaces y deliberadamente simples, dominados por el espacio en negativo.<\/span><\/span><\/span><\/p>\n<p><span style=\"color: #000000\"><span style=\"font-family: Calibri, sans-serif\"><span style=\"font-size: small\">Son muy pocos los ejemplares de este estilo de dise\u00f1o y eso es probablemente por del hecho de que casi todos eran iguales y como tal, no siempre se valoraban.<\/span><\/span><\/span><\/p>\n<p><a href=\"http:\/\/www.catedracosgaya.com.ar\/tipoblog\/2014\/wp-content\/uploads\/2014\/06\/140A.jpg\"><img loading=\"lazy\" decoding=\"async\" data-attachment-id=\"3628\" data-permalink=\"https:\/\/www.catedracosgaya.com.ar\/tipoblog\/2014\/afiche-musical\/140a\/\" data-orig-file=\"https:\/\/www.catedracosgaya.com.ar\/tipoblog\/2014\/wp-content\/uploads\/2014\/06\/140A.jpg\" data-orig-size=\"325,500\" data-comments-opened=\"0\" data-image-meta=\"{&quot;aperture&quot;:&quot;0&quot;,&quot;credit&quot;:&quot;&quot;,&quot;camera&quot;:&quot;&quot;,&quot;caption&quot;:&quot;&quot;,&quot;created_timestamp&quot;:&quot;0&quot;,&quot;copyright&quot;:&quot;&quot;,&quot;focal_length&quot;:&quot;0&quot;,&quot;iso&quot;:&quot;0&quot;,&quot;shutter_speed&quot;:&quot;0&quot;,&quot;title&quot;:&quot;&quot;}\" data-image-title=\"140A\" data-image-description=\"\" data-image-caption=\"\" data-large-file=\"https:\/\/www.catedracosgaya.com.ar\/tipoblog\/2014\/wp-content\/uploads\/2014\/06\/140A.jpg\" class=\"alignnone size-medium wp-image-3628\" src=\"http:\/\/www.catedracosgaya.com.ar\/tipoblog\/2014\/wp-content\/uploads\/2014\/06\/140A-195x300.jpg\" alt=\"140A\" width=\"195\" height=\"300\" srcset=\"https:\/\/www.catedracosgaya.com.ar\/tipoblog\/2014\/wp-content\/uploads\/2014\/06\/140A-195x300.jpg 195w, https:\/\/www.catedracosgaya.com.ar\/tipoblog\/2014\/wp-content\/uploads\/2014\/06\/140A.jpg 325w\" sizes=\"auto, (max-width: 195px) 100vw, 195px\" \/><\/a> <a href=\"http:\/\/www.catedracosgaya.com.ar\/tipoblog\/2014\/wp-content\/uploads\/2014\/06\/147.jpg\"><img loading=\"lazy\" decoding=\"async\" data-attachment-id=\"3629\" data-permalink=\"https:\/\/www.catedracosgaya.com.ar\/tipoblog\/2014\/afiche-musical\/attachment\/147\/\" data-orig-file=\"https:\/\/www.catedracosgaya.com.ar\/tipoblog\/2014\/wp-content\/uploads\/2014\/06\/147.jpg\" data-orig-size=\"329,500\" data-comments-opened=\"0\" data-image-meta=\"{&quot;aperture&quot;:&quot;0&quot;,&quot;credit&quot;:&quot;&quot;,&quot;camera&quot;:&quot;&quot;,&quot;caption&quot;:&quot;&quot;,&quot;created_timestamp&quot;:&quot;0&quot;,&quot;copyright&quot;:&quot;&quot;,&quot;focal_length&quot;:&quot;0&quot;,&quot;iso&quot;:&quot;0&quot;,&quot;shutter_speed&quot;:&quot;0&quot;,&quot;title&quot;:&quot;&quot;}\" data-image-title=\"147\" data-image-description=\"\" data-image-caption=\"\" data-large-file=\"https:\/\/www.catedracosgaya.com.ar\/tipoblog\/2014\/wp-content\/uploads\/2014\/06\/147.jpg\" class=\"alignnone size-medium wp-image-3629\" src=\"http:\/\/www.catedracosgaya.com.ar\/tipoblog\/2014\/wp-content\/uploads\/2014\/06\/147-197x300.jpg\" alt=\"147\" width=\"197\" height=\"300\" srcset=\"https:\/\/www.catedracosgaya.com.ar\/tipoblog\/2014\/wp-content\/uploads\/2014\/06\/147-197x300.jpg 197w, https:\/\/www.catedracosgaya.com.ar\/tipoblog\/2014\/wp-content\/uploads\/2014\/06\/147.jpg 329w\" sizes=\"auto, (max-width: 197px) 100vw, 197px\" \/><\/a> <a href=\"http:\/\/www.catedracosgaya.com.ar\/tipoblog\/2014\/wp-content\/uploads\/2014\/06\/image.jpg\"><img loading=\"lazy\" decoding=\"async\" data-attachment-id=\"3630\" data-permalink=\"https:\/\/www.catedracosgaya.com.ar\/tipoblog\/2014\/afiche-musical\/image\/\" data-orig-file=\"https:\/\/www.catedracosgaya.com.ar\/tipoblog\/2014\/wp-content\/uploads\/2014\/06\/image.jpg\" data-orig-size=\"358,450\" data-comments-opened=\"0\" data-image-meta=\"{&quot;aperture&quot;:&quot;0&quot;,&quot;credit&quot;:&quot;&quot;,&quot;camera&quot;:&quot;&quot;,&quot;caption&quot;:&quot;&quot;,&quot;created_timestamp&quot;:&quot;0&quot;,&quot;copyright&quot;:&quot;&quot;,&quot;focal_length&quot;:&quot;0&quot;,&quot;iso&quot;:&quot;0&quot;,&quot;shutter_speed&quot;:&quot;0&quot;,&quot;title&quot;:&quot;&quot;}\" data-image-title=\"image\" data-image-description=\"\" data-image-caption=\"\" data-large-file=\"https:\/\/www.catedracosgaya.com.ar\/tipoblog\/2014\/wp-content\/uploads\/2014\/06\/image.jpg\" class=\"alignnone size-medium wp-image-3630\" src=\"http:\/\/www.catedracosgaya.com.ar\/tipoblog\/2014\/wp-content\/uploads\/2014\/06\/image-238x300.jpg\" alt=\"image\" width=\"238\" height=\"300\" srcset=\"https:\/\/www.catedracosgaya.com.ar\/tipoblog\/2014\/wp-content\/uploads\/2014\/06\/image-238x300.jpg 238w, https:\/\/www.catedracosgaya.com.ar\/tipoblog\/2014\/wp-content\/uploads\/2014\/06\/image.jpg 358w\" sizes=\"auto, (max-width: 238px) 100vw, 238px\" \/><\/a><\/p>\n<p><span style=\"color: #000000\"><span style=\"font-family: Calibri, sans-serif\"><span style=\"font-size: small\">A mediados de los 70 la explosi\u00f3n del nuevo movimiento punk , lleg\u00f3 a la sociedad a trav\u00e9s de los afiches de sus recitales, eran creados por fotocopias baratas con tipograf\u00edas rotas e im\u00e1genes desgastadas.<\/span><\/span><\/span><\/p>\n<p><a href=\"http:\/\/www.catedracosgaya.com.ar\/tipoblog\/2014\/wp-content\/uploads\/2014\/06\/rockposter_021.jpg\"><img loading=\"lazy\" decoding=\"async\" data-attachment-id=\"3634\" data-permalink=\"https:\/\/www.catedracosgaya.com.ar\/tipoblog\/2014\/afiche-musical\/rockposter_02-2\/\" data-orig-file=\"https:\/\/www.catedracosgaya.com.ar\/tipoblog\/2014\/wp-content\/uploads\/2014\/06\/rockposter_021.jpg\" data-orig-size=\"670,331\" data-comments-opened=\"0\" data-image-meta=\"{&quot;aperture&quot;:&quot;0&quot;,&quot;credit&quot;:&quot;&quot;,&quot;camera&quot;:&quot;&quot;,&quot;caption&quot;:&quot;&quot;,&quot;created_timestamp&quot;:&quot;0&quot;,&quot;copyright&quot;:&quot;&quot;,&quot;focal_length&quot;:&quot;0&quot;,&quot;iso&quot;:&quot;0&quot;,&quot;shutter_speed&quot;:&quot;0&quot;,&quot;title&quot;:&quot;&quot;}\" data-image-title=\"rockposter_02\" data-image-description=\"\" data-image-caption=\"\" data-large-file=\"https:\/\/www.catedracosgaya.com.ar\/tipoblog\/2014\/wp-content\/uploads\/2014\/06\/rockposter_021.jpg\" class=\"alignnone size-medium wp-image-3634\" src=\"http:\/\/www.catedracosgaya.com.ar\/tipoblog\/2014\/wp-content\/uploads\/2014\/06\/rockposter_021-300x148.jpg\" alt=\"rockposter_02\" width=\"300\" height=\"148\" srcset=\"https:\/\/www.catedracosgaya.com.ar\/tipoblog\/2014\/wp-content\/uploads\/2014\/06\/rockposter_021-300x148.jpg 300w, https:\/\/www.catedracosgaya.com.ar\/tipoblog\/2014\/wp-content\/uploads\/2014\/06\/rockposter_021.jpg 670w\" sizes=\"auto, (max-width: 300px) 100vw, 300px\" \/><\/a><\/p>\n<p><em><span style=\"color: #000000\"><span style=\"font-family: Calibri, sans-serif\"><span style=\"font-size: small\">La Segunda Ola: Serigraf\u00eda<\/span><\/span><\/span><\/em><\/p>\n<p><span style=\"color: #000000\"><span style=\"font-family: Calibri, sans-serif\"><span style=\"font-size: small\">Impulsado por una curiosa mezcla de psicodelia, la cultura pop y el esp\u00edritu punk-rock, las ra\u00edces del movimiento serigraf\u00eda se establecieron en Texas. La idea de que un shabl\u00f3n\u00a0y unas pocas latas de tinta permite un artista emprendedor crear mejores afiches de buena calidad en peque\u00f1as series, al instante nivel\u00f3 el campo de juego y cre\u00f3 toda una generaci\u00f3n de artistas y empresarios.<\/span><\/span><\/span><\/p>\n<p><a href=\"http:\/\/www.catedracosgaya.com.ar\/tipoblog\/2014\/wp-content\/uploads\/2014\/06\/412.jpg\"><img loading=\"lazy\" decoding=\"async\" data-attachment-id=\"3636\" data-permalink=\"https:\/\/www.catedracosgaya.com.ar\/tipoblog\/2014\/afiche-musical\/41-2\/\" data-orig-file=\"https:\/\/www.catedracosgaya.com.ar\/tipoblog\/2014\/wp-content\/uploads\/2014\/06\/412.jpg\" data-orig-size=\"319,500\" data-comments-opened=\"0\" data-image-meta=\"{&quot;aperture&quot;:&quot;0&quot;,&quot;credit&quot;:&quot;&quot;,&quot;camera&quot;:&quot;&quot;,&quot;caption&quot;:&quot;&quot;,&quot;created_timestamp&quot;:&quot;0&quot;,&quot;copyright&quot;:&quot;&quot;,&quot;focal_length&quot;:&quot;0&quot;,&quot;iso&quot;:&quot;0&quot;,&quot;shutter_speed&quot;:&quot;0&quot;,&quot;title&quot;:&quot;&quot;}\" data-image-title=\"-41\" data-image-description=\"\" data-image-caption=\"\" data-large-file=\"https:\/\/www.catedracosgaya.com.ar\/tipoblog\/2014\/wp-content\/uploads\/2014\/06\/412.jpg\" class=\"alignnone size-medium wp-image-3636\" src=\"http:\/\/www.catedracosgaya.com.ar\/tipoblog\/2014\/wp-content\/uploads\/2014\/06\/412-191x300.jpg\" alt=\"-41\" width=\"191\" height=\"300\" srcset=\"https:\/\/www.catedracosgaya.com.ar\/tipoblog\/2014\/wp-content\/uploads\/2014\/06\/412-191x300.jpg 191w, https:\/\/www.catedracosgaya.com.ar\/tipoblog\/2014\/wp-content\/uploads\/2014\/06\/412.jpg 319w\" sizes=\"auto, (max-width: 191px) 100vw, 191px\" \/><\/a> <a href=\"http:\/\/www.catedracosgaya.com.ar\/tipoblog\/2014\/wp-content\/uploads\/2014\/06\/rock_poster_01-1.jpg\"><img loading=\"lazy\" decoding=\"async\" data-attachment-id=\"3637\" data-permalink=\"https:\/\/www.catedracosgaya.com.ar\/tipoblog\/2014\/afiche-musical\/rock_poster_01-1\/\" data-orig-file=\"https:\/\/www.catedracosgaya.com.ar\/tipoblog\/2014\/wp-content\/uploads\/2014\/06\/rock_poster_01-1.jpg\" data-orig-size=\"670,460\" data-comments-opened=\"0\" data-image-meta=\"{&quot;aperture&quot;:&quot;0&quot;,&quot;credit&quot;:&quot;&quot;,&quot;camera&quot;:&quot;&quot;,&quot;caption&quot;:&quot;&quot;,&quot;created_timestamp&quot;:&quot;0&quot;,&quot;copyright&quot;:&quot;&quot;,&quot;focal_length&quot;:&quot;0&quot;,&quot;iso&quot;:&quot;0&quot;,&quot;shutter_speed&quot;:&quot;0&quot;,&quot;title&quot;:&quot;&quot;}\" data-image-title=\"rock_poster_01 (1)\" data-image-description=\"\" data-image-caption=\"\" data-large-file=\"https:\/\/www.catedracosgaya.com.ar\/tipoblog\/2014\/wp-content\/uploads\/2014\/06\/rock_poster_01-1.jpg\" class=\"alignnone size-medium wp-image-3637\" src=\"http:\/\/www.catedracosgaya.com.ar\/tipoblog\/2014\/wp-content\/uploads\/2014\/06\/rock_poster_01-1-300x205.jpg\" alt=\"rock_poster_01 (1)\" width=\"300\" height=\"205\" srcset=\"https:\/\/www.catedracosgaya.com.ar\/tipoblog\/2014\/wp-content\/uploads\/2014\/06\/rock_poster_01-1-300x205.jpg 300w, https:\/\/www.catedracosgaya.com.ar\/tipoblog\/2014\/wp-content\/uploads\/2014\/06\/rock_poster_01-1.jpg 670w\" sizes=\"auto, (max-width: 300px) 100vw, 300px\" \/><\/a><\/p>\n<p><span style=\"color: #000000\">\u00a0<span style=\"font-family: Calibri, sans-serif\"><span style=\"font-size: small\">En cuanto a los propios afiches, que eran de suma importancia art\u00edstica, eran atrevidos y muy experimentales en su uso del color y en el cl\u00e1sico uso psicod\u00e9lico de la tipograf\u00eda (que se consideraban ilegible para todos menos para los iniciados). Ellos fueron los primeros artistas comerciales que a trav\u00e9s\u00a0de la publicidad del afiche lograban la expresi\u00f3n del artista. Esto tuvo un efecto incontenible sobre el futuro de la publicidad en general y del \u00a0particular. Su papel era el de cambiar para siempre el concepto de lo que un afiche pod\u00eda y no pod\u00eda ser.<\/span><\/span><\/span><\/p>\n<p><span style=\"color: #000000\"><span style=\"font-family: Calibri, sans-serif\"><span style=\"font-size: small\">A finales de los 80, sin embargo, la serigraf\u00eda se desliz\u00f3 lentamente en declive, adelantado por los nuevos medios de producci\u00f3n.<\/span><\/span><\/span><\/p>\n<p><a href=\"https:\/\/www.youtube.com\/watch?v=kNYQScvrDY0\">Trailer American Artifact: The Rise of American Rock Poster Art<\/a><\/p>\n<p><span style=\"color: #000000\"><span style=\"font-family: Calibri, sans-serif\"><span style=\"font-size: small\">La tercera ola: Impresi\u00f3n Offset<\/span><\/span><\/span><\/p>\n<p><span style=\"color: #000000\"><span style=\"font-family: Calibri, sans-serif\"><span style=\"font-size: small\">Hasta la actualidad, es el avance tecnol\u00f3gico m\u00e1s significativo en cuanto a la producci\u00f3n de afiches, tanto por la fidelidad de impresi\u00f3n como con los costos de producci\u00f3n. En tiradas grandes de impresi\u00f3n es mucha la diferencia de precio en comparaci\u00f3n con la impresi\u00f3n por serigraf\u00eda.<\/span><\/span><\/span><\/p>\n<p><span style=\"color: #000000\">\u00a0<span style=\"font-family: Calibri, sans-serif\"><span style=\"font-size: small\">Pero hoy en d\u00eda, nos encontramos en otro problema. La revoluci\u00f3n digital ha a\u00f1adido un nuevo conjunto de herramientas para el arsenal de afichistas. Nunca antes ha sido tan f\u00e1cil para muchos crear afiches, sin embargo, pocos se han convertido en maestros de las nuevas herramientas. El dise\u00f1o de tapas de vinilos y sus hermanos menores, los CDs est\u00e1 en declive, es por esto que son muchas las bandas y sus compa\u00f1\u00edas discogr\u00e1ficas las que apuntan a los afiches como obras de arte m\u00e1s all\u00e1 de una herramienta de promoci\u00f3n. <\/span><\/span><\/span><\/p>\n<p><a href=\"http:\/\/www.catedracosgaya.com.ar\/tipoblog\/2014\/wp-content\/uploads\/2014\/06\/coop_rock_poster.jpg\"><img loading=\"lazy\" decoding=\"async\" data-attachment-id=\"3640\" data-permalink=\"https:\/\/www.catedracosgaya.com.ar\/tipoblog\/2014\/afiche-musical\/coop_rock_poster\/\" data-orig-file=\"https:\/\/www.catedracosgaya.com.ar\/tipoblog\/2014\/wp-content\/uploads\/2014\/06\/coop_rock_poster.jpg\" data-orig-size=\"670,292\" data-comments-opened=\"0\" data-image-meta=\"{&quot;aperture&quot;:&quot;0&quot;,&quot;credit&quot;:&quot;&quot;,&quot;camera&quot;:&quot;&quot;,&quot;caption&quot;:&quot;&quot;,&quot;created_timestamp&quot;:&quot;0&quot;,&quot;copyright&quot;:&quot;&quot;,&quot;focal_length&quot;:&quot;0&quot;,&quot;iso&quot;:&quot;0&quot;,&quot;shutter_speed&quot;:&quot;0&quot;,&quot;title&quot;:&quot;&quot;}\" data-image-title=\"coop_rock_poster\" data-image-description=\"\" data-image-caption=\"\" data-large-file=\"https:\/\/www.catedracosgaya.com.ar\/tipoblog\/2014\/wp-content\/uploads\/2014\/06\/coop_rock_poster.jpg\" class=\"alignnone size-medium wp-image-3640\" src=\"http:\/\/www.catedracosgaya.com.ar\/tipoblog\/2014\/wp-content\/uploads\/2014\/06\/coop_rock_poster-300x130.jpg\" alt=\"coop_rock_poster\" width=\"300\" height=\"130\" srcset=\"https:\/\/www.catedracosgaya.com.ar\/tipoblog\/2014\/wp-content\/uploads\/2014\/06\/coop_rock_poster-300x130.jpg 300w, https:\/\/www.catedracosgaya.com.ar\/tipoblog\/2014\/wp-content\/uploads\/2014\/06\/coop_rock_poster.jpg 670w\" sizes=\"auto, (max-width: 300px) 100vw, 300px\" \/><\/a> <a href=\"http:\/\/www.catedracosgaya.com.ar\/tipoblog\/2014\/wp-content\/uploads\/2014\/06\/tara_mcpherson.jpg\"><img loading=\"lazy\" decoding=\"async\" data-attachment-id=\"3641\" data-permalink=\"https:\/\/www.catedracosgaya.com.ar\/tipoblog\/2014\/afiche-musical\/tara_mcpherson\/\" data-orig-file=\"https:\/\/www.catedracosgaya.com.ar\/tipoblog\/2014\/wp-content\/uploads\/2014\/06\/tara_mcpherson.jpg\" data-orig-size=\"670,291\" data-comments-opened=\"0\" data-image-meta=\"{&quot;aperture&quot;:&quot;0&quot;,&quot;credit&quot;:&quot;&quot;,&quot;camera&quot;:&quot;&quot;,&quot;caption&quot;:&quot;&quot;,&quot;created_timestamp&quot;:&quot;0&quot;,&quot;copyright&quot;:&quot;&quot;,&quot;focal_length&quot;:&quot;0&quot;,&quot;iso&quot;:&quot;0&quot;,&quot;shutter_speed&quot;:&quot;0&quot;,&quot;title&quot;:&quot;&quot;}\" data-image-title=\"tara_mcpherson\" data-image-description=\"\" data-image-caption=\"\" data-large-file=\"https:\/\/www.catedracosgaya.com.ar\/tipoblog\/2014\/wp-content\/uploads\/2014\/06\/tara_mcpherson.jpg\" class=\"alignnone size-medium wp-image-3641\" src=\"http:\/\/www.catedracosgaya.com.ar\/tipoblog\/2014\/wp-content\/uploads\/2014\/06\/tara_mcpherson-300x130.jpg\" alt=\"tara_mcpherson\" width=\"300\" height=\"130\" srcset=\"https:\/\/www.catedracosgaya.com.ar\/tipoblog\/2014\/wp-content\/uploads\/2014\/06\/tara_mcpherson-300x130.jpg 300w, https:\/\/www.catedracosgaya.com.ar\/tipoblog\/2014\/wp-content\/uploads\/2014\/06\/tara_mcpherson.jpg 670w\" sizes=\"auto, (max-width: 300px) 100vw, 300px\" \/><\/a><\/p>\n<p>&nbsp;<\/p>\n","protected":false},"excerpt":{"rendered":"<p>Es bien conocida el arte de tapa de vinilos y cds, pero que hay con los afiches? breve resumen de la historia de esta poco valorada herramienta de promoci\u00f3n y expresi\u00f3n.<\/p>\n","protected":false},"author":214,"featured_media":3632,"comment_status":"closed","ping_status":"closed","sticky":false,"template":"","format":"standard","meta":{"jetpack_post_was_ever_published":false,"_jetpack_newsletter_access":"","_jetpack_dont_email_post_to_subs":false,"_jetpack_newsletter_tier_id":0,"_jetpack_memberships_contains_paywalled_content":false,"_jetpack_memberships_contains_paid_content":false,"footnotes":""},"categories":[7],"tags":[],"class_list":["post-3624","post","type-post","status-publish","format-standard","has-post-thumbnail","hentry","category-vinilo"],"jetpack_featured_media_url":"https:\/\/www.catedracosgaya.com.ar\/tipoblog\/2014\/wp-content\/uploads\/2014\/06\/411.jpg","jetpack_shortlink":"https:\/\/wp.me\/p4rrRH-Ws","jetpack_sharing_enabled":true,"_links":{"self":[{"href":"https:\/\/www.catedracosgaya.com.ar\/tipoblog\/2014\/wp-json\/wp\/v2\/posts\/3624","targetHints":{"allow":["GET"]}}],"collection":[{"href":"https:\/\/www.catedracosgaya.com.ar\/tipoblog\/2014\/wp-json\/wp\/v2\/posts"}],"about":[{"href":"https:\/\/www.catedracosgaya.com.ar\/tipoblog\/2014\/wp-json\/wp\/v2\/types\/post"}],"author":[{"embeddable":true,"href":"https:\/\/www.catedracosgaya.com.ar\/tipoblog\/2014\/wp-json\/wp\/v2\/users\/214"}],"replies":[{"embeddable":true,"href":"https:\/\/www.catedracosgaya.com.ar\/tipoblog\/2014\/wp-json\/wp\/v2\/comments?post=3624"}],"version-history":[{"count":8,"href":"https:\/\/www.catedracosgaya.com.ar\/tipoblog\/2014\/wp-json\/wp\/v2\/posts\/3624\/revisions"}],"predecessor-version":[{"id":3804,"href":"https:\/\/www.catedracosgaya.com.ar\/tipoblog\/2014\/wp-json\/wp\/v2\/posts\/3624\/revisions\/3804"}],"wp:featuredmedia":[{"embeddable":true,"href":"https:\/\/www.catedracosgaya.com.ar\/tipoblog\/2014\/wp-json\/wp\/v2\/media\/3632"}],"wp:attachment":[{"href":"https:\/\/www.catedracosgaya.com.ar\/tipoblog\/2014\/wp-json\/wp\/v2\/media?parent=3624"}],"wp:term":[{"taxonomy":"category","embeddable":true,"href":"https:\/\/www.catedracosgaya.com.ar\/tipoblog\/2014\/wp-json\/wp\/v2\/categories?post=3624"},{"taxonomy":"post_tag","embeddable":true,"href":"https:\/\/www.catedracosgaya.com.ar\/tipoblog\/2014\/wp-json\/wp\/v2\/tags?post=3624"}],"curies":[{"name":"wp","href":"https:\/\/api.w.org\/{rel}","templated":true}]}}