{"id":2884,"date":"2014-05-21T20:53:33","date_gmt":"2014-05-21T20:53:33","guid":{"rendered":"http:\/\/www.catedracosgaya.com.ar\/tipoblog\/2014\/?p=2884"},"modified":"2014-05-26T22:30:47","modified_gmt":"2014-05-26T22:30:47","slug":"variables-tipograficas","status":"publish","type":"post","link":"https:\/\/www.catedracosgaya.com.ar\/tipoblog\/2014\/variables-tipograficas\/","title":{"rendered":"Variables tipogr\u00e1ficas"},"content":{"rendered":"<p>Las variables tipogr\u00e1ficas<\/p>\n<p>Uno de los temas fundamentales de este trabajo era encontrar una buena tipograf\u00eda por sus terminaciones, encuentros y formas pero no hab\u00eda que dejar de lado sus variables.<\/p>\n<p>Terminaciones:<\/p>\n<p>&nbsp;<\/p>\n<p>Verticales \u00a0 \u00a0 \u00a0 \u00a0 \u00a0 \u00a0 Horizontales \u00a0 \u00a0 \u00a0 \u00a0 \u00a0Angulares<\/p>\n<p><a href=\"http:\/\/www.catedracosgaya.com.ar\/tipoblog\/2014\/wp-content\/uploads\/2014\/05\/terminaciones-1.png\"><img loading=\"lazy\" decoding=\"async\" data-attachment-id=\"2892\" data-permalink=\"https:\/\/www.catedracosgaya.com.ar\/tipoblog\/2014\/variables-tipograficas\/terminaciones-1\/\" data-orig-file=\"https:\/\/www.catedracosgaya.com.ar\/tipoblog\/2014\/wp-content\/uploads\/2014\/05\/terminaciones-1.png\" data-orig-size=\"398,113\" data-comments-opened=\"0\" data-image-meta=\"{&quot;aperture&quot;:&quot;0&quot;,&quot;credit&quot;:&quot;&quot;,&quot;camera&quot;:&quot;&quot;,&quot;caption&quot;:&quot;&quot;,&quot;created_timestamp&quot;:&quot;0&quot;,&quot;copyright&quot;:&quot;&quot;,&quot;focal_length&quot;:&quot;0&quot;,&quot;iso&quot;:&quot;0&quot;,&quot;shutter_speed&quot;:&quot;0&quot;,&quot;title&quot;:&quot;&quot;}\" data-image-title=\"terminaciones 1\" data-image-description=\"\" data-image-caption=\"\" data-large-file=\"https:\/\/www.catedracosgaya.com.ar\/tipoblog\/2014\/wp-content\/uploads\/2014\/05\/terminaciones-1.png\" class=\"alignnone size-medium wp-image-2892\" src=\"http:\/\/www.catedracosgaya.com.ar\/tipoblog\/2014\/wp-content\/uploads\/2014\/05\/terminaciones-1-300x85.png\" alt=\"terminaciones 1\" width=\"300\" height=\"85\" srcset=\"https:\/\/www.catedracosgaya.com.ar\/tipoblog\/2014\/wp-content\/uploads\/2014\/05\/terminaciones-1-300x85.png 300w, https:\/\/www.catedracosgaya.com.ar\/tipoblog\/2014\/wp-content\/uploads\/2014\/05\/terminaciones-1.png 398w\" sizes=\"auto, (max-width: 300px) 100vw, 300px\" \/><\/a><\/p>\n<p>&nbsp;<\/p>\n<p>Asim\u00e9tricas \u00a0 \u00a0 \u00a0 \u00a0 \u00a0 \u00a0 \u00a0 \u00a0 \u00a0 Sim\u00e9tricas<\/p>\n<p><img loading=\"lazy\" decoding=\"async\" data-attachment-id=\"2893\" data-permalink=\"https:\/\/www.catedracosgaya.com.ar\/tipoblog\/2014\/variables-tipograficas\/terminaciones-2\/\" data-orig-file=\"https:\/\/www.catedracosgaya.com.ar\/tipoblog\/2014\/wp-content\/uploads\/2014\/05\/terminaciones-2.png\" data-orig-size=\"249,104\" data-comments-opened=\"0\" data-image-meta=\"{&quot;aperture&quot;:&quot;0&quot;,&quot;credit&quot;:&quot;&quot;,&quot;camera&quot;:&quot;&quot;,&quot;caption&quot;:&quot;&quot;,&quot;created_timestamp&quot;:&quot;0&quot;,&quot;copyright&quot;:&quot;&quot;,&quot;focal_length&quot;:&quot;0&quot;,&quot;iso&quot;:&quot;0&quot;,&quot;shutter_speed&quot;:&quot;0&quot;,&quot;title&quot;:&quot;&quot;}\" data-image-title=\"terminaciones 2\" data-image-description=\"\" data-image-caption=\"\" data-large-file=\"https:\/\/www.catedracosgaya.com.ar\/tipoblog\/2014\/wp-content\/uploads\/2014\/05\/terminaciones-2.png\" class=\"alignnone size-medium wp-image-2893\" src=\"http:\/\/www.catedracosgaya.com.ar\/tipoblog\/2014\/wp-content\/uploads\/2014\/05\/terminaciones-2.png\" alt=\"terminaciones 2\" width=\"249\" height=\"104\" \/><\/p>\n<p>Formas<\/p>\n<p>&nbsp;<\/p>\n<p>Eje: es el \u00e1ngulo que define la inclinaci\u00f3n del signo<\/p>\n<p><img loading=\"lazy\" decoding=\"async\" data-attachment-id=\"2889\" data-permalink=\"https:\/\/www.catedracosgaya.com.ar\/tipoblog\/2014\/variables-tipograficas\/eje\/\" data-orig-file=\"https:\/\/www.catedracosgaya.com.ar\/tipoblog\/2014\/wp-content\/uploads\/2014\/05\/eje.png\" data-orig-size=\"294,170\" data-comments-opened=\"0\" data-image-meta=\"{&quot;aperture&quot;:&quot;0&quot;,&quot;credit&quot;:&quot;&quot;,&quot;camera&quot;:&quot;&quot;,&quot;caption&quot;:&quot;&quot;,&quot;created_timestamp&quot;:&quot;0&quot;,&quot;copyright&quot;:&quot;&quot;,&quot;focal_length&quot;:&quot;0&quot;,&quot;iso&quot;:&quot;0&quot;,&quot;shutter_speed&quot;:&quot;0&quot;,&quot;title&quot;:&quot;&quot;}\" data-image-title=\"eje\" data-image-description=\"\" data-image-caption=\"\" data-large-file=\"https:\/\/www.catedracosgaya.com.ar\/tipoblog\/2014\/wp-content\/uploads\/2014\/05\/eje.png\" class=\"alignnone size-medium wp-image-2889\" src=\"http:\/\/www.catedracosgaya.com.ar\/tipoblog\/2014\/wp-content\/uploads\/2014\/05\/eje.png\" alt=\"eje\" width=\"294\" height=\"170\" \/><\/p>\n<p>Redondez Proporcion de la letra O con respecto a un circulo perfecto<\/p>\n<p><img loading=\"lazy\" decoding=\"async\" data-attachment-id=\"2891\" data-permalink=\"https:\/\/www.catedracosgaya.com.ar\/tipoblog\/2014\/variables-tipograficas\/redondez\/\" data-orig-file=\"https:\/\/www.catedracosgaya.com.ar\/tipoblog\/2014\/wp-content\/uploads\/2014\/05\/redondez.png\" data-orig-size=\"301,141\" data-comments-opened=\"0\" data-image-meta=\"{&quot;aperture&quot;:&quot;0&quot;,&quot;credit&quot;:&quot;&quot;,&quot;camera&quot;:&quot;&quot;,&quot;caption&quot;:&quot;&quot;,&quot;created_timestamp&quot;:&quot;0&quot;,&quot;copyright&quot;:&quot;&quot;,&quot;focal_length&quot;:&quot;0&quot;,&quot;iso&quot;:&quot;0&quot;,&quot;shutter_speed&quot;:&quot;0&quot;,&quot;title&quot;:&quot;&quot;}\" data-image-title=\"redondez\" data-image-description=\"\" data-image-caption=\"\" data-large-file=\"https:\/\/www.catedracosgaya.com.ar\/tipoblog\/2014\/wp-content\/uploads\/2014\/05\/redondez.png\" class=\"alignnone size-medium wp-image-2891\" src=\"http:\/\/www.catedracosgaya.com.ar\/tipoblog\/2014\/wp-content\/uploads\/2014\/05\/redondez-300x140.png\" alt=\"redondez\" width=\"300\" height=\"140\" srcset=\"https:\/\/www.catedracosgaya.com.ar\/tipoblog\/2014\/wp-content\/uploads\/2014\/05\/redondez-300x140.png 300w, https:\/\/www.catedracosgaya.com.ar\/tipoblog\/2014\/wp-content\/uploads\/2014\/05\/redondez.png 301w\" sizes=\"auto, (max-width: 300px) 100vw, 300px\" \/><\/p>\n<p>Contraste: Es la proporci\u00f3n de los tarsos finos y gruesos de cada signo<\/p>\n<p><img loading=\"lazy\" decoding=\"async\" data-attachment-id=\"2890\" data-permalink=\"https:\/\/www.catedracosgaya.com.ar\/tipoblog\/2014\/variables-tipograficas\/finos-y-gruesos\/\" data-orig-file=\"https:\/\/www.catedracosgaya.com.ar\/tipoblog\/2014\/wp-content\/uploads\/2014\/05\/finos-y-gruesos.png\" data-orig-size=\"327,153\" data-comments-opened=\"0\" data-image-meta=\"{&quot;aperture&quot;:&quot;0&quot;,&quot;credit&quot;:&quot;&quot;,&quot;camera&quot;:&quot;&quot;,&quot;caption&quot;:&quot;&quot;,&quot;created_timestamp&quot;:&quot;0&quot;,&quot;copyright&quot;:&quot;&quot;,&quot;focal_length&quot;:&quot;0&quot;,&quot;iso&quot;:&quot;0&quot;,&quot;shutter_speed&quot;:&quot;0&quot;,&quot;title&quot;:&quot;&quot;}\" data-image-title=\"finos y gruesos\" data-image-description=\"\" data-image-caption=\"\" data-large-file=\"https:\/\/www.catedracosgaya.com.ar\/tipoblog\/2014\/wp-content\/uploads\/2014\/05\/finos-y-gruesos.png\" class=\"alignnone size-medium wp-image-2890\" src=\"http:\/\/www.catedracosgaya.com.ar\/tipoblog\/2014\/wp-content\/uploads\/2014\/05\/finos-y-gruesos-300x140.png\" alt=\"finos y gruesos\" width=\"300\" height=\"140\" srcset=\"https:\/\/www.catedracosgaya.com.ar\/tipoblog\/2014\/wp-content\/uploads\/2014\/05\/finos-y-gruesos-300x140.png 300w, https:\/\/www.catedracosgaya.com.ar\/tipoblog\/2014\/wp-content\/uploads\/2014\/05\/finos-y-gruesos.png 327w\" sizes=\"auto, (max-width: 300px) 100vw, 300px\" \/><\/p>\n<p>&nbsp;<\/p>\n<p>Para este trabajo, mas all\u00e1 de la tipograf\u00eda que elijamos con sus caracter\u00edsticas tenemos que tener en cuenta la cantidad de variables que tiene para tener un esp\u00e9cimen m\u00e1s completo, diverso y podamos mostrar todos los usos que pueda tener la fuente. Cada familia tipogr\u00e1fica puede tener diferentes tipos de variables sin perder la esencia de la fuente.<\/p>\n<p>Las variables pueden ser:<\/p>\n<p>&nbsp;<\/p>\n<p>Inclinaci\u00f3n: En al\u00adgu\u00adnos casos las it\u00e1\u00adli\u00adcas in\u00adcli\u00adna to\u00addos los sig\u00adnos en un \u00e1n\u00adgu\u00adlo de\u00adter\u00admi\u00adna\u00addo, pe\u00adro las it\u00e1\u00adli\u00adcas no son solo eso y, ade\u00adm\u00e1s, no to\u00addas las le\u00adtras de\u00adben te\u00adner el mismo \u00e1ngulo de in\u00adcli\u00adna\u00adci\u00f3n. En la ver\u00adsi\u00f3n it\u00e1\u00adli\u00adca de una fuen\u00adte los sig\u00adnos se ajus\u00adta pa\u00adra lo\u00adgrar otro co\u00adlor; por lo general, ocu\u00adpa me\u00adnos es\u00adpa\u00adcio que la ver\u00adsi\u00f3n nor\u00admal y en cier\u00adtos ca\u00adsos el di\u00adse\u00ad\u00f1o de los sig\u00adnos adop\u00adta ca\u00adrac\u00adte\u00adr\u00eds\u00adti\u00adcas de cur\u00adsi\u00adva.<\/p>\n<p><img loading=\"lazy\" decoding=\"async\" data-attachment-id=\"2887\" data-permalink=\"https:\/\/www.catedracosgaya.com.ar\/tipoblog\/2014\/variables-tipograficas\/blog-inclinacion\/\" data-orig-file=\"https:\/\/www.catedracosgaya.com.ar\/tipoblog\/2014\/wp-content\/uploads\/2014\/05\/blog-inclinacion.png\" data-orig-size=\"387,173\" data-comments-opened=\"0\" data-image-meta=\"{&quot;aperture&quot;:&quot;0&quot;,&quot;credit&quot;:&quot;&quot;,&quot;camera&quot;:&quot;&quot;,&quot;caption&quot;:&quot;&quot;,&quot;created_timestamp&quot;:&quot;0&quot;,&quot;copyright&quot;:&quot;&quot;,&quot;focal_length&quot;:&quot;0&quot;,&quot;iso&quot;:&quot;0&quot;,&quot;shutter_speed&quot;:&quot;0&quot;,&quot;title&quot;:&quot;&quot;}\" data-image-title=\"blog inclinacion\" data-image-description=\"\" data-image-caption=\"\" data-large-file=\"https:\/\/www.catedracosgaya.com.ar\/tipoblog\/2014\/wp-content\/uploads\/2014\/05\/blog-inclinacion.png\" class=\"alignnone size-medium wp-image-2887\" src=\"http:\/\/www.catedracosgaya.com.ar\/tipoblog\/2014\/wp-content\/uploads\/2014\/05\/blog-inclinacion-300x134.png\" alt=\"blog inclinacion\" width=\"300\" height=\"134\" srcset=\"https:\/\/www.catedracosgaya.com.ar\/tipoblog\/2014\/wp-content\/uploads\/2014\/05\/blog-inclinacion-300x134.png 300w, https:\/\/www.catedracosgaya.com.ar\/tipoblog\/2014\/wp-content\/uploads\/2014\/05\/blog-inclinacion.png 387w\" sizes=\"auto, (max-width: 300px) 100vw, 300px\" \/><\/p>\n<p>El peso: Las va\u00adria\u00adbles de pe\u00adso afec\u00adtan al tra\u00adzo de los sig\u00adnos, lo cual pue\u00adde dar lu\u00adgar a pe\u00adque\u00ad\u00f1as mo\u00addificaciones es\u00adtruc\u00adtu\u00adra\u00adles. Lo que se al\u00adte\u00adra prin\u00adci\u00adpal\u00admen\u00adte es el co\u00adlor ti\u00adpo\u00adgr\u00e1fico, ya que cambia la relaci\u00f3n entre el ancho del trazo, las contraformas de cada signo y el contraste en\u00adtre finos y grue\u00adsos de los trazos graduales.<\/p>\n<p><img loading=\"lazy\" decoding=\"async\" data-attachment-id=\"2888\" data-permalink=\"https:\/\/www.catedracosgaya.com.ar\/tipoblog\/2014\/variables-tipograficas\/blog-peso\/\" data-orig-file=\"https:\/\/www.catedracosgaya.com.ar\/tipoblog\/2014\/wp-content\/uploads\/2014\/05\/blog-peso.png\" data-orig-size=\"261,145\" data-comments-opened=\"0\" data-image-meta=\"{&quot;aperture&quot;:&quot;0&quot;,&quot;credit&quot;:&quot;&quot;,&quot;camera&quot;:&quot;&quot;,&quot;caption&quot;:&quot;&quot;,&quot;created_timestamp&quot;:&quot;0&quot;,&quot;copyright&quot;:&quot;&quot;,&quot;focal_length&quot;:&quot;0&quot;,&quot;iso&quot;:&quot;0&quot;,&quot;shutter_speed&quot;:&quot;0&quot;,&quot;title&quot;:&quot;&quot;}\" data-image-title=\"blog peso\" data-image-description=\"\" data-image-caption=\"\" data-large-file=\"https:\/\/www.catedracosgaya.com.ar\/tipoblog\/2014\/wp-content\/uploads\/2014\/05\/blog-peso.png\" class=\"alignnone size-medium wp-image-2888\" src=\"http:\/\/www.catedracosgaya.com.ar\/tipoblog\/2014\/wp-content\/uploads\/2014\/05\/blog-peso.png\" alt=\"blog peso\" width=\"261\" height=\"145\" \/><\/p>\n<p>Anchura: En las va\u00adria\u00adbles de an\u00adcho, se pro\u00addu\u00adce un cam\u00adbio en la es\u00adtruc\u00adtu\u00adra de la le\u00adtra tal que so\u00adla\u00admen\u00adte se mo\u00addifican las pro\u00adpor\u00adcio\u00adnes, aun\u00adque el tra\u00adzo no va\u00adr\u00eda. Se al\u00adte\u00adra el ren\u00addi\u00admien\u00adto y tam\u00adbi\u00e9n el co\u00adlor en el bloque de tex\u00adto.<\/p>\n<p><a href=\"http:\/\/www.catedracosgaya.com.ar\/tipoblog\/2014\/wp-content\/uploads\/2014\/05\/Blog-con-exp.png\"><img loading=\"lazy\" decoding=\"async\" data-attachment-id=\"2885\" data-permalink=\"https:\/\/www.catedracosgaya.com.ar\/tipoblog\/2014\/variables-tipograficas\/blog-con-exp\/\" data-orig-file=\"https:\/\/www.catedracosgaya.com.ar\/tipoblog\/2014\/wp-content\/uploads\/2014\/05\/Blog-con-exp.png\" data-orig-size=\"429,209\" data-comments-opened=\"0\" data-image-meta=\"{&quot;aperture&quot;:&quot;0&quot;,&quot;credit&quot;:&quot;&quot;,&quot;camera&quot;:&quot;&quot;,&quot;caption&quot;:&quot;&quot;,&quot;created_timestamp&quot;:&quot;0&quot;,&quot;copyright&quot;:&quot;&quot;,&quot;focal_length&quot;:&quot;0&quot;,&quot;iso&quot;:&quot;0&quot;,&quot;shutter_speed&quot;:&quot;0&quot;,&quot;title&quot;:&quot;&quot;}\" data-image-title=\"Blog con exp\" data-image-description=\"\" data-image-caption=\"\" data-large-file=\"https:\/\/www.catedracosgaya.com.ar\/tipoblog\/2014\/wp-content\/uploads\/2014\/05\/Blog-con-exp.png\" class=\"alignnone size-medium wp-image-2885\" src=\"http:\/\/www.catedracosgaya.com.ar\/tipoblog\/2014\/wp-content\/uploads\/2014\/05\/Blog-con-exp-300x146.png\" alt=\"Blog con exp\" width=\"300\" height=\"146\" srcset=\"https:\/\/www.catedracosgaya.com.ar\/tipoblog\/2014\/wp-content\/uploads\/2014\/05\/Blog-con-exp-300x146.png 300w, https:\/\/www.catedracosgaya.com.ar\/tipoblog\/2014\/wp-content\/uploads\/2014\/05\/Blog-con-exp.png 429w\" sizes=\"auto, (max-width: 300px) 100vw, 300px\" \/><\/a><\/p>\n<p>&nbsp;<\/p>\n<p>Para terminar dejo un conocido cuadro de la tipograf\u00eda Univers el cual muestra las diferentes variables y uno puede compararlo todo lo dicho.<\/p>\n<p>Comenzando de izquierda a derecha es: expandida, Normal, normal-it\u00e1lica, condensada, condensada-it\u00e1lica, extra-condensada.<\/p>\n<p>De arriba hacia abajo: extra-light, light, normal, bold, extra-bold, black.<\/p>\n<p><a href=\"http:\/\/www.catedracosgaya.com.ar\/tipoblog\/2014\/wp-content\/uploads\/2014\/05\/Blog-Univers.png\"><img loading=\"lazy\" decoding=\"async\" data-attachment-id=\"2894\" data-permalink=\"https:\/\/www.catedracosgaya.com.ar\/tipoblog\/2014\/variables-tipograficas\/blog-univers\/\" data-orig-file=\"https:\/\/www.catedracosgaya.com.ar\/tipoblog\/2014\/wp-content\/uploads\/2014\/05\/Blog-Univers.png\" data-orig-size=\"440,520\" data-comments-opened=\"0\" data-image-meta=\"{&quot;aperture&quot;:&quot;0&quot;,&quot;credit&quot;:&quot;&quot;,&quot;camera&quot;:&quot;&quot;,&quot;caption&quot;:&quot;&quot;,&quot;created_timestamp&quot;:&quot;0&quot;,&quot;copyright&quot;:&quot;&quot;,&quot;focal_length&quot;:&quot;0&quot;,&quot;iso&quot;:&quot;0&quot;,&quot;shutter_speed&quot;:&quot;0&quot;,&quot;title&quot;:&quot;&quot;}\" data-image-title=\"Blog Univers\" data-image-description=\"\" data-image-caption=\"\" data-large-file=\"https:\/\/www.catedracosgaya.com.ar\/tipoblog\/2014\/wp-content\/uploads\/2014\/05\/Blog-Univers.png\" class=\"alignnone  wp-image-2894\" src=\"http:\/\/www.catedracosgaya.com.ar\/tipoblog\/2014\/wp-content\/uploads\/2014\/05\/Blog-Univers-253x300.png\" alt=\"Blog Univers\" width=\"439\" height=\"520\" srcset=\"https:\/\/www.catedracosgaya.com.ar\/tipoblog\/2014\/wp-content\/uploads\/2014\/05\/Blog-Univers-253x300.png 253w, https:\/\/www.catedracosgaya.com.ar\/tipoblog\/2014\/wp-content\/uploads\/2014\/05\/Blog-Univers.png 440w\" sizes=\"auto, (max-width: 439px) 100vw, 439px\" \/><\/a><\/p>\n<p>&nbsp;<\/p>\n<p>&nbsp;<\/p>\n","protected":false},"excerpt":{"rendered":"<p>\u00bfQue son las variables tipogr\u00e1ficas?<br \/>\nSon opciones que nos ofrece una misma familia para mostrarse de diferentes maneras. Las utilizamos para establecer distintas jerarqu\u00edas dentro de un texto, para alterar el color o cambiar el ritmo dentro de un bloque de texto, entre otras opciones.<br \/>\nLas variables tipogr\u00e1ficas son elementos que pertenecer a un sistema y deben mantener parentesco con la familia de la que son parte. En general, act\u00faan sobre la inclinaci\u00f3n, el peso y el ancho de la letra.<\/p>\n","protected":false},"author":175,"featured_media":2885,"comment_status":"closed","ping_status":"closed","sticky":false,"template":"","format":"standard","meta":{"jetpack_post_was_ever_published":false,"_jetpack_newsletter_access":"","_jetpack_dont_email_post_to_subs":false,"_jetpack_newsletter_tier_id":0,"_jetpack_memberships_contains_paywalled_content":false,"_jetpack_memberships_contains_paid_content":false,"footnotes":""},"categories":[8],"tags":[],"class_list":["post-2884","post","type-post","status-publish","format-standard","has-post-thumbnail","hentry","category-especimen"],"jetpack_featured_media_url":"https:\/\/www.catedracosgaya.com.ar\/tipoblog\/2014\/wp-content\/uploads\/2014\/05\/Blog-con-exp.png","jetpack_shortlink":"https:\/\/wp.me\/p4rrRH-Kw","jetpack_sharing_enabled":true,"_links":{"self":[{"href":"https:\/\/www.catedracosgaya.com.ar\/tipoblog\/2014\/wp-json\/wp\/v2\/posts\/2884","targetHints":{"allow":["GET"]}}],"collection":[{"href":"https:\/\/www.catedracosgaya.com.ar\/tipoblog\/2014\/wp-json\/wp\/v2\/posts"}],"about":[{"href":"https:\/\/www.catedracosgaya.com.ar\/tipoblog\/2014\/wp-json\/wp\/v2\/types\/post"}],"author":[{"embeddable":true,"href":"https:\/\/www.catedracosgaya.com.ar\/tipoblog\/2014\/wp-json\/wp\/v2\/users\/175"}],"replies":[{"embeddable":true,"href":"https:\/\/www.catedracosgaya.com.ar\/tipoblog\/2014\/wp-json\/wp\/v2\/comments?post=2884"}],"version-history":[{"count":4,"href":"https:\/\/www.catedracosgaya.com.ar\/tipoblog\/2014\/wp-json\/wp\/v2\/posts\/2884\/revisions"}],"predecessor-version":[{"id":3088,"href":"https:\/\/www.catedracosgaya.com.ar\/tipoblog\/2014\/wp-json\/wp\/v2\/posts\/2884\/revisions\/3088"}],"wp:featuredmedia":[{"embeddable":true,"href":"https:\/\/www.catedracosgaya.com.ar\/tipoblog\/2014\/wp-json\/wp\/v2\/media\/2885"}],"wp:attachment":[{"href":"https:\/\/www.catedracosgaya.com.ar\/tipoblog\/2014\/wp-json\/wp\/v2\/media?parent=2884"}],"wp:term":[{"taxonomy":"category","embeddable":true,"href":"https:\/\/www.catedracosgaya.com.ar\/tipoblog\/2014\/wp-json\/wp\/v2\/categories?post=2884"},{"taxonomy":"post_tag","embeddable":true,"href":"https:\/\/www.catedracosgaya.com.ar\/tipoblog\/2014\/wp-json\/wp\/v2\/tags?post=2884"}],"curies":[{"name":"wp","href":"https:\/\/api.w.org\/{rel}","templated":true}]}}