{"id":2792,"date":"2014-05-16T18:20:50","date_gmt":"2014-05-16T18:20:50","guid":{"rendered":"http:\/\/www.catedracosgaya.com.ar\/tipoblog\/2014\/?p=2792"},"modified":"2014-05-16T20:18:38","modified_gmt":"2014-05-16T20:18:38","slug":"que-aspectos-se-deben-de-tener-en-cuenta-a-la-hora-de-elegir-una-tipografia","status":"publish","type":"post","link":"https:\/\/www.catedracosgaya.com.ar\/tipoblog\/2014\/que-aspectos-se-deben-de-tener-en-cuenta-a-la-hora-de-elegir-una-tipografia\/","title":{"rendered":"\u00bfQu\u00e9 aspectos se deben de tener en cuenta a la hora de elegir una tipograf\u00eda?"},"content":{"rendered":"<p>A la hora de buscar una tipograf\u00eda apropiada para nuestros trabajos, solemos dudar acerca de qu\u00e9 familia ser\u00e1 la m\u00e1s apropiada. En principio debemos tener en cuenta que no todas las familias funcionan para todos los discursos. Si nuestro proyecto tipogr\u00e1fico consta de textos largos ser\u00eda mejor optar por las familias Serif, \u00e9stas facilitan la lectura, pues crean en el ojo la ilusi\u00f3n de una l\u00ednea horizontal.<\/p>\n<p>Si en cambio se tratase de la portada de un libro, un afiche \u00f3 en su defecto piezas gr\u00e1ficas que exigen una distancia mas bien larga, optaremos por una familia de palo seco.<\/p>\n<p>\u00bfEs acaso esto una regla? A mi entender no, pues depender\u00e1 tambi\u00e9n de los usuarios a quienes van dirigidas las piezas, si se trata de una pieza para adultos podemos optar por familas serif, en cambio si se tratase de un libro para ni\u00f1os debemos elegir una familia de rasgos mas sint\u00e9ticos como los de la sans serif.<\/p>\n<p>\u00bfComo se considera una tipograf\u00eda una buena familia?<\/p>\n<p>En principio que conste de diferentes variables. Debo tener en cuenta tambi\u00e9n si preciso n\u00fameros de caja alta y baja, fracciones \u00f3 caracteres especiales.<\/p>\n<p>Adem\u00e1s el rendimiento que nos ofrece, cu\u00e1ntas palabras incluyo en el p\u00e1rrafo. Aspectos como el peso, el color tipogr\u00e1fico, la interletra y la interpalabra tanto como la interl\u00ednea deben formar parte nuestro an\u00e1lisis.<\/p>\n<p>Por \u00faltimo buscando en la Web \u201cbuenas familias tipogr\u00e1ficas\u201d coincido en diferentes sitios con cinco familias calificadas como las fuentes mas usadas en el dise\u00f1o. \u00c9stas \u00faltimas son; Helv\u00e9tica, Garamond, Bodoni, Rockwell y Times New Roman. \u00a0Entre ellas la Helv\u00e9tica tanto como la Times New Roman\u00a0 se convirtieron en las mas utilizadas y conocidas de la historia.<\/p>\n<p><a title=\"Fuente\" href=\"http:\/\/http:\/\/www.catedracosgaya.com.ar\/\" target=\"_blank\">\u00a0Fuente<\/a><\/p>\n","protected":false},"excerpt":{"rendered":"<p>Al elegir la tipograf\u00eda para nuestro proyecto, qu\u00e9 decisiones parecen ser las mas acertadas?<\/p>\n","protected":false},"author":168,"featured_media":2793,"comment_status":"closed","ping_status":"closed","sticky":false,"template":"","format":"standard","meta":{"jetpack_post_was_ever_published":false,"_jetpack_newsletter_access":"","_jetpack_dont_email_post_to_subs":false,"_jetpack_newsletter_tier_id":0,"_jetpack_memberships_contains_paywalled_content":false,"_jetpack_memberships_contains_paid_content":false,"footnotes":""},"categories":[8],"tags":[],"class_list":["post-2792","post","type-post","status-publish","format-standard","has-post-thumbnail","hentry","category-especimen"],"jetpack_featured_media_url":"https:\/\/www.catedracosgaya.com.ar\/tipoblog\/2014\/wp-content\/uploads\/2014\/05\/PALO-SECO.jpg","jetpack_shortlink":"https:\/\/wp.me\/p4rrRH-J2","jetpack_sharing_enabled":true,"_links":{"self":[{"href":"https:\/\/www.catedracosgaya.com.ar\/tipoblog\/2014\/wp-json\/wp\/v2\/posts\/2792","targetHints":{"allow":["GET"]}}],"collection":[{"href":"https:\/\/www.catedracosgaya.com.ar\/tipoblog\/2014\/wp-json\/wp\/v2\/posts"}],"about":[{"href":"https:\/\/www.catedracosgaya.com.ar\/tipoblog\/2014\/wp-json\/wp\/v2\/types\/post"}],"author":[{"embeddable":true,"href":"https:\/\/www.catedracosgaya.com.ar\/tipoblog\/2014\/wp-json\/wp\/v2\/users\/168"}],"replies":[{"embeddable":true,"href":"https:\/\/www.catedracosgaya.com.ar\/tipoblog\/2014\/wp-json\/wp\/v2\/comments?post=2792"}],"version-history":[{"count":5,"href":"https:\/\/www.catedracosgaya.com.ar\/tipoblog\/2014\/wp-json\/wp\/v2\/posts\/2792\/revisions"}],"predecessor-version":[{"id":2799,"href":"https:\/\/www.catedracosgaya.com.ar\/tipoblog\/2014\/wp-json\/wp\/v2\/posts\/2792\/revisions\/2799"}],"wp:featuredmedia":[{"embeddable":true,"href":"https:\/\/www.catedracosgaya.com.ar\/tipoblog\/2014\/wp-json\/wp\/v2\/media\/2793"}],"wp:attachment":[{"href":"https:\/\/www.catedracosgaya.com.ar\/tipoblog\/2014\/wp-json\/wp\/v2\/media?parent=2792"}],"wp:term":[{"taxonomy":"category","embeddable":true,"href":"https:\/\/www.catedracosgaya.com.ar\/tipoblog\/2014\/wp-json\/wp\/v2\/categories?post=2792"},{"taxonomy":"post_tag","embeddable":true,"href":"https:\/\/www.catedracosgaya.com.ar\/tipoblog\/2014\/wp-json\/wp\/v2\/tags?post=2792"}],"curies":[{"name":"wp","href":"https:\/\/api.w.org\/{rel}","templated":true}]}}