{"id":2745,"date":"2014-05-15T12:42:03","date_gmt":"2014-05-15T12:42:03","guid":{"rendered":"http:\/\/www.catedracosgaya.com.ar\/tipoblog\/2014\/?p=2745"},"modified":"2014-05-15T12:42:03","modified_gmt":"2014-05-15T12:42:03","slug":"tipografia-colonial-sus-inicios-y-el-desarrollo-de-la-produccion-nacional","status":"publish","type":"post","link":"https:\/\/www.catedracosgaya.com.ar\/tipoblog\/2014\/tipografia-colonial-sus-inicios-y-el-desarrollo-de-la-produccion-nacional\/","title":{"rendered":"Tipograf\u00eda colonial: Sus inicios y el desarrollo de la producci\u00f3n nacional"},"content":{"rendered":"<p><span style=\"color: #000000\">No podemos negar que la tecnolog\u00eda hoy en d\u00eda es sumamente \u00fatil y necesaria. Gracias a ella el ser humano cuenta con miles de comodidades, que en tiempos pasados eran inimaginables y podemos acceder r\u00e1pidamente a m\u00e1s informaci\u00f3n de la que nuestro cerebro puede contener. Con el correr del tiempo, la tecnolog\u00eda ha comenzado a evolucionar con mayor rapidez sobre todo en el mundo de la tipograf\u00eda, parece absurdo pensar en sus inicios, en la imprenta, los tipos m\u00f3viles y en lo engorroso y lento que resultaba todo el proceso de impresi\u00f3n. Sobre todo compar\u00e1ndolo con la actualidad donde descargar una fuente puede tomarnos apenas unos minutos.<\/span><\/p>\n<p><span style=\"color: #000000\">En base a esta idea, se me ocurri\u00f3 investigar c\u00f3mo fue desarroll\u00e1ndose la tipograf\u00eda nacional principalmente en la \u00e9poca colonial, cuando no exist\u00edan todos los avances t\u00e9cnicos y herramientas con las que contamos hoy que nos facilitan el acceso a las fuentes. Para ello, encontr\u00e9 unos art\u00edculos muy interesantes de <strong><em>Fabio Ares, <\/em><\/strong>dise\u00f1ador graduado en la Universidad Nacional de La Plata que actualmente centra su investigaci\u00f3n en la historia de la tipograf\u00eda y la imprenta nacional.<\/span><\/p>\n<p><span style=\"color: #000000\">Fabio Ares nos cuenta que el arte tipogr\u00e1fico lleg\u00f3 a Buenos Aires en 1780 luego de crearse el Virreinato del R\u00edo de la Plata. En ese tiempo, la imprenta fue creada por el Virrey V\u00e9rtiz y Salcedo, junto con otras inauguraciones de gran importancia como la Casa de los Exp\u00f3sitos, que inspir\u00f3 su nombre: Real imprenta de Ni\u00f1os Exp\u00f3sitos. \u00c9sta tuvo la licencia Real para trabajar y cont\u00f3 con el beneficio de las impresiones despu\u00e9s de la Revoluci\u00f3n de Mayo de 1810 hasta 1815. La producci\u00f3n y el aprovisionamiento del taller fueron atravesados por cuestiones pol\u00edticas, y econ\u00f3micas, pero siempre se priorizaron los trabajos oficiales.<\/span><\/p>\n<p><span style=\"color: #000000\">Los comienzos fueron dif\u00edciles, pues a las complicaciones de la gesti\u00f3n administrativa, como la de la Licencia Real, debieron sumarse a los preparativos del taller, su arriendo, dotaci\u00f3n, y la preparaci\u00f3n del local.<\/span><\/p>\n<p><span style=\"color: #000000\">El contexto es muy importante en la definici\u00f3n de etapas en el desarrollo de la tipograf\u00eda colonial bonaerense. Las situaciones pol\u00edticas, econ\u00f3micas, y comerciales, influyeron directamente en la actividad de la Imprenta porte\u00f1a condicionando su aprovisionamiento y normal funcionamiento. Un ejemplo importante a citar fueron las Invasiones Inglesas, por un lado por lo \u201cfebril\u201d de la producci\u00f3n oficial, y por otro, porque permiti\u00f3 la llegada de la prensa inglesa y sus materiales, a fines de 1807. Todo esto se traslad\u00f3 a los impresos, ya que la composici\u00f3n se realiz\u00f3 con material defectuoso, se mezclaron diferentes cuerpos en una misma obra, y esto gener\u00f3 un verdadero \u201cestilo\u201d en las composiciones.<\/span><\/p>\n<p><span style=\"color: #000000\">En Buenos Aires no se fundi\u00f3 tipograf\u00eda hasta 1865. Los accesorios tipogr\u00e1ficos debieron importarse, recurriendo primero a gestores y luego a casas introductoras, por lo tanto, es importante comprobar el origen de las letrer\u00edas. Si bien podemos se\u00f1alar distintas llegadas de caracteres en tiempos de la colonia, a\u00fan no pudimos ubicar la primera tipograf\u00eda llegada a la Ciudad, lo que sin lugar a dudas ayudar\u00eda a establecer su origen.<\/span><\/p>\n<p>Algunos ejemplos de impresos:<\/p>\n<p><a href=\"http:\/\/www.catedracosgaya.com.ar\/tipoblog\/2014\/wp-content\/uploads\/2014\/05\/1.jpg\"><img loading=\"lazy\" decoding=\"async\" data-attachment-id=\"2748\" data-permalink=\"https:\/\/www.catedracosgaya.com.ar\/tipoblog\/2014\/tipografia-colonial-sus-inicios-y-el-desarrollo-de-la-produccion-nacional\/attachment\/1\/\" data-orig-file=\"https:\/\/www.catedracosgaya.com.ar\/tipoblog\/2014\/wp-content\/uploads\/2014\/05\/1.jpg\" data-orig-size=\"580,435\" data-comments-opened=\"0\" data-image-meta=\"{&quot;aperture&quot;:&quot;0&quot;,&quot;credit&quot;:&quot;&quot;,&quot;camera&quot;:&quot;&quot;,&quot;caption&quot;:&quot;&quot;,&quot;created_timestamp&quot;:&quot;0&quot;,&quot;copyright&quot;:&quot;&quot;,&quot;focal_length&quot;:&quot;0&quot;,&quot;iso&quot;:&quot;0&quot;,&quot;shutter_speed&quot;:&quot;0&quot;,&quot;title&quot;:&quot;&quot;}\" data-image-title=\"\" data-image-description=\"\" data-image-caption=\"\" data-large-file=\"https:\/\/www.catedracosgaya.com.ar\/tipoblog\/2014\/wp-content\/uploads\/2014\/05\/1.jpg\" class=\"alignnone size-medium wp-image-2748\" src=\"http:\/\/www.catedracosgaya.com.ar\/tipoblog\/2014\/wp-content\/uploads\/2014\/05\/1-300x225.jpg\" alt=\"\" width=\"300\" height=\"225\" srcset=\"https:\/\/www.catedracosgaya.com.ar\/tipoblog\/2014\/wp-content\/uploads\/2014\/05\/1-300x225.jpg 300w, https:\/\/www.catedracosgaya.com.ar\/tipoblog\/2014\/wp-content\/uploads\/2014\/05\/1.jpg 580w\" sizes=\"auto, (max-width: 300px) 100vw, 300px\" \/><\/a><\/p>\n<p><a href=\"http:\/\/www.catedracosgaya.com.ar\/tipoblog\/2014\/wp-content\/uploads\/2014\/05\/6.jpg\"><img loading=\"lazy\" decoding=\"async\" data-attachment-id=\"2749\" data-permalink=\"https:\/\/www.catedracosgaya.com.ar\/tipoblog\/2014\/tipografia-colonial-sus-inicios-y-el-desarrollo-de-la-produccion-nacional\/attachment\/6\/\" data-orig-file=\"https:\/\/www.catedracosgaya.com.ar\/tipoblog\/2014\/wp-content\/uploads\/2014\/05\/6.jpg\" data-orig-size=\"580,892\" data-comments-opened=\"0\" data-image-meta=\"{&quot;aperture&quot;:&quot;0&quot;,&quot;credit&quot;:&quot;&quot;,&quot;camera&quot;:&quot;&quot;,&quot;caption&quot;:&quot;&quot;,&quot;created_timestamp&quot;:&quot;0&quot;,&quot;copyright&quot;:&quot;&quot;,&quot;focal_length&quot;:&quot;0&quot;,&quot;iso&quot;:&quot;0&quot;,&quot;shutter_speed&quot;:&quot;0&quot;,&quot;title&quot;:&quot;&quot;}\" data-image-title=\"6\" data-image-description=\"\" data-image-caption=\"\" data-large-file=\"https:\/\/www.catedracosgaya.com.ar\/tipoblog\/2014\/wp-content\/uploads\/2014\/05\/6.jpg\" class=\"alignnone size-medium wp-image-2749\" src=\"http:\/\/www.catedracosgaya.com.ar\/tipoblog\/2014\/wp-content\/uploads\/2014\/05\/6-195x300.jpg\" alt=\"6\" width=\"195\" height=\"300\" srcset=\"https:\/\/www.catedracosgaya.com.ar\/tipoblog\/2014\/wp-content\/uploads\/2014\/05\/6-195x300.jpg 195w, https:\/\/www.catedracosgaya.com.ar\/tipoblog\/2014\/wp-content\/uploads\/2014\/05\/6.jpg 580w\" sizes=\"auto, (max-width: 195px) 100vw, 195px\" \/><\/a><\/p>\n<p><a href=\"http:\/\/www.catedracosgaya.com.ar\/tipoblog\/2014\/wp-content\/uploads\/2014\/05\/4.jpg\"><img loading=\"lazy\" decoding=\"async\" data-attachment-id=\"2750\" data-permalink=\"https:\/\/www.catedracosgaya.com.ar\/tipoblog\/2014\/tipografia-colonial-sus-inicios-y-el-desarrollo-de-la-produccion-nacional\/attachment\/4\/\" data-orig-file=\"https:\/\/www.catedracosgaya.com.ar\/tipoblog\/2014\/wp-content\/uploads\/2014\/05\/4.jpg\" data-orig-size=\"580,435\" data-comments-opened=\"0\" data-image-meta=\"{&quot;aperture&quot;:&quot;0&quot;,&quot;credit&quot;:&quot;&quot;,&quot;camera&quot;:&quot;&quot;,&quot;caption&quot;:&quot;&quot;,&quot;created_timestamp&quot;:&quot;0&quot;,&quot;copyright&quot;:&quot;&quot;,&quot;focal_length&quot;:&quot;0&quot;,&quot;iso&quot;:&quot;0&quot;,&quot;shutter_speed&quot;:&quot;0&quot;,&quot;title&quot;:&quot;&quot;}\" data-image-title=\"4\" data-image-description=\"\" data-image-caption=\"\" data-large-file=\"https:\/\/www.catedracosgaya.com.ar\/tipoblog\/2014\/wp-content\/uploads\/2014\/05\/4.jpg\" class=\"alignnone size-medium wp-image-2750\" src=\"http:\/\/www.catedracosgaya.com.ar\/tipoblog\/2014\/wp-content\/uploads\/2014\/05\/4-300x225.jpg\" alt=\"4\" width=\"300\" height=\"225\" srcset=\"https:\/\/www.catedracosgaya.com.ar\/tipoblog\/2014\/wp-content\/uploads\/2014\/05\/4-300x225.jpg 300w, https:\/\/www.catedracosgaya.com.ar\/tipoblog\/2014\/wp-content\/uploads\/2014\/05\/4.jpg 580w\" sizes=\"auto, (max-width: 300px) 100vw, 300px\" \/><\/a><\/p>\n<p>Para finalizar les dejo algunas publicaciones de Fabio Ares: su libro \u201cExp\u00f3sitos\u201d, un blog donde pueden seguir las actualizaciones sobre su proyecto\u00a0y otro blog donde adem\u00e1s podemos encontrar m\u00e1s contenidos sobre el desarrollo de la historia, el dise\u00f1o y la tipograf\u00eda nacional.<\/p>\n<p><span>Ares, Fabio Eduardo,\u00a0<em>Exp\u00f3sitos. La tipograf\u00eda en Buenos Aires. 1780-1824,<\/em><em>\u00a0<\/em>Buenos Aires, DGPeIH, 2010.<\/span><\/p>\n<p><a title=\"Link libro Exp\u00f3sitos\" href=\"http:\/\/tipografiaexpositos.blogspot.com.ar\/\" target=\"_blank\">http:\/\/tipografiaexpositos.blogspot.com.ar\/<\/a><\/p>\n<p><a title=\"Blog Fabio Ares\" href=\"http:\/\/fabioares.blogspot.com.ar\/\" target=\"_blank\">http:\/\/fabioares.blogspot.com.ar\/<\/a><\/p>\n<p>&nbsp;<\/p>\n<p>&nbsp;<\/p>\n<p>&nbsp;<\/p>\n","protected":false},"excerpt":{"rendered":"<p>Breve recorrido hist\u00f3rico de la tipograf\u00eda en tiempos coloniales, los permisos Reales y los inicios de la imprenta.<\/p>\n","protected":false},"author":183,"featured_media":2746,"comment_status":"closed","ping_status":"closed","sticky":false,"template":"","format":"standard","meta":{"jetpack_post_was_ever_published":false,"_jetpack_newsletter_access":"","_jetpack_dont_email_post_to_subs":false,"_jetpack_newsletter_tier_id":0,"_jetpack_memberships_contains_paywalled_content":false,"_jetpack_memberships_contains_paid_content":false,"footnotes":""},"categories":[8],"tags":[50,49,48],"class_list":["post-2745","post","type-post","status-publish","format-standard","has-post-thumbnail","hentry","category-especimen","tag-expositos","tag-fabio-ares","tag-tipografia-colonial"],"jetpack_featured_media_url":"https:\/\/www.catedracosgaya.com.ar\/tipoblog\/2014\/wp-content\/uploads\/2014\/05\/tipo.jpg","jetpack_shortlink":"https:\/\/wp.me\/p4rrRH-Ih","jetpack_sharing_enabled":true,"_links":{"self":[{"href":"https:\/\/www.catedracosgaya.com.ar\/tipoblog\/2014\/wp-json\/wp\/v2\/posts\/2745","targetHints":{"allow":["GET"]}}],"collection":[{"href":"https:\/\/www.catedracosgaya.com.ar\/tipoblog\/2014\/wp-json\/wp\/v2\/posts"}],"about":[{"href":"https:\/\/www.catedracosgaya.com.ar\/tipoblog\/2014\/wp-json\/wp\/v2\/types\/post"}],"author":[{"embeddable":true,"href":"https:\/\/www.catedracosgaya.com.ar\/tipoblog\/2014\/wp-json\/wp\/v2\/users\/183"}],"replies":[{"embeddable":true,"href":"https:\/\/www.catedracosgaya.com.ar\/tipoblog\/2014\/wp-json\/wp\/v2\/comments?post=2745"}],"version-history":[{"count":5,"href":"https:\/\/www.catedracosgaya.com.ar\/tipoblog\/2014\/wp-json\/wp\/v2\/posts\/2745\/revisions"}],"predecessor-version":[{"id":2754,"href":"https:\/\/www.catedracosgaya.com.ar\/tipoblog\/2014\/wp-json\/wp\/v2\/posts\/2745\/revisions\/2754"}],"wp:featuredmedia":[{"embeddable":true,"href":"https:\/\/www.catedracosgaya.com.ar\/tipoblog\/2014\/wp-json\/wp\/v2\/media\/2746"}],"wp:attachment":[{"href":"https:\/\/www.catedracosgaya.com.ar\/tipoblog\/2014\/wp-json\/wp\/v2\/media?parent=2745"}],"wp:term":[{"taxonomy":"category","embeddable":true,"href":"https:\/\/www.catedracosgaya.com.ar\/tipoblog\/2014\/wp-json\/wp\/v2\/categories?post=2745"},{"taxonomy":"post_tag","embeddable":true,"href":"https:\/\/www.catedracosgaya.com.ar\/tipoblog\/2014\/wp-json\/wp\/v2\/tags?post=2745"}],"curies":[{"name":"wp","href":"https:\/\/api.w.org\/{rel}","templated":true}]}}