{"id":270,"date":"2013-04-19T18:55:10","date_gmt":"2013-04-19T18:55:10","guid":{"rendered":"http:\/\/www.catedracosgaya.com.ar\/tipoblog\/2013\/2013\/2013\/?p=270"},"modified":"2014-05-02T01:54:58","modified_gmt":"2014-05-02T01:54:58","slug":"percepcion-visual-y-ritmo","status":"publish","type":"post","link":"https:\/\/www.catedracosgaya.com.ar\/tipoblog\/2014\/percepcion-visual-y-ritmo\/","title":{"rendered":"Percepci\u00f3n visual y ritmo"},"content":{"rendered":"<p><a href=\"http:\/\/www.oert.org\/percepcion-visual-y-ritmo\/\" target=\"_blank\">Ver recurso en l\u00ednea<\/a><\/p>\n","protected":false},"excerpt":{"rendered":"<p>Cuestiones fisiol\u00f3gicas y culturales confluyentes en la percepci\u00f3n visual. Mecanismo de la visi\u00f3n y exploraci\u00f3n del espacio visual. Revisi\u00f3n de las leyes de la Gestalt y de otros aportes. Aspectos \u00f3pticos, geom\u00e9tricos y org\u00e1nicos que influyen en la percepci\u00f3n. El ritmo y sus influencias en la percepci\u00f3n y la lectura.<\/p>\n","protected":false},"author":1,"featured_media":2588,"comment_status":"closed","ping_status":"closed","sticky":false,"template":"","format":"standard","meta":{"jetpack_post_was_ever_published":false,"_jetpack_newsletter_access":"","_jetpack_dont_email_post_to_subs":false,"_jetpack_newsletter_tier_id":0,"_jetpack_memberships_contains_paywalled_content":false,"_jetpack_memberships_contains_paid_content":false,"footnotes":""},"categories":[2,9],"tags":[29],"class_list":["post-270","post","type-post","status-publish","format-standard","has-post-thumbnail","hentry","category-oert","category-tipografia-objetos-formas","tag-ritmo"],"jetpack_featured_media_url":"https:\/\/www.catedracosgaya.com.ar\/tipoblog\/2014\/wp-content\/uploads\/2014\/05\/T01A_01-sistemavisual.jpg","jetpack_shortlink":"https:\/\/wp.me\/p4rrRH-4m","jetpack_sharing_enabled":true,"_links":{"self":[{"href":"https:\/\/www.catedracosgaya.com.ar\/tipoblog\/2014\/wp-json\/wp\/v2\/posts\/270","targetHints":{"allow":["GET"]}}],"collection":[{"href":"https:\/\/www.catedracosgaya.com.ar\/tipoblog\/2014\/wp-json\/wp\/v2\/posts"}],"about":[{"href":"https:\/\/www.catedracosgaya.com.ar\/tipoblog\/2014\/wp-json\/wp\/v2\/types\/post"}],"author":[{"embeddable":true,"href":"https:\/\/www.catedracosgaya.com.ar\/tipoblog\/2014\/wp-json\/wp\/v2\/users\/1"}],"replies":[{"embeddable":true,"href":"https:\/\/www.catedracosgaya.com.ar\/tipoblog\/2014\/wp-json\/wp\/v2\/comments?post=270"}],"version-history":[{"count":1,"href":"https:\/\/www.catedracosgaya.com.ar\/tipoblog\/2014\/wp-json\/wp\/v2\/posts\/270\/revisions"}],"predecessor-version":[{"id":2600,"href":"https:\/\/www.catedracosgaya.com.ar\/tipoblog\/2014\/wp-json\/wp\/v2\/posts\/270\/revisions\/2600"}],"wp:featuredmedia":[{"embeddable":true,"href":"https:\/\/www.catedracosgaya.com.ar\/tipoblog\/2014\/wp-json\/wp\/v2\/media\/2588"}],"wp:attachment":[{"href":"https:\/\/www.catedracosgaya.com.ar\/tipoblog\/2014\/wp-json\/wp\/v2\/media?parent=270"}],"wp:term":[{"taxonomy":"category","embeddable":true,"href":"https:\/\/www.catedracosgaya.com.ar\/tipoblog\/2014\/wp-json\/wp\/v2\/categories?post=270"},{"taxonomy":"post_tag","embeddable":true,"href":"https:\/\/www.catedracosgaya.com.ar\/tipoblog\/2014\/wp-json\/wp\/v2\/tags?post=270"}],"curies":[{"name":"wp","href":"https:\/\/api.w.org\/{rel}","templated":true}]}}