{"id":1426,"date":"2013-06-17T13:11:24","date_gmt":"2013-06-17T16:11:24","guid":{"rendered":"http:\/\/www.catedracosgaya.com.ar\/tipoblog\/2013\/2013\/2013\/?p=1426"},"modified":"2013-06-18T00:08:15","modified_gmt":"2013-06-18T03:08:15","slug":"la-edicion","status":"publish","type":"post","link":"https:\/\/www.catedracosgaya.com.ar\/tipoblog\/2013\/la-edicion\/","title":{"rendered":"La edici\u00f3n y sus clasificaciones"},"content":{"rendered":"<p>Un libro es la impresi\u00f3n de\u00a0obra o escrito para su publicaci\u00f3n.Una misma obra puede tener varias ediciones. Una nueva edici\u00f3n ha de tener por base un molde distinto del que sirvi\u00f3 para la edici\u00f3n anterior; de lo contrario, si el molde es el mismo, no se puede hablar de nueva edici\u00f3n, sino de reimpresi\u00f3n o nueva tirada. El n\u00famero de ediciones de una obra se hace constar, bien en la portada, bien en la p\u00e1gina de derechos.<br \/>\nEl tipo de edici\u00f3n se determina por el objetivo o destinatario de la pieza. Es decir que la edici\u00f3n variar\u00e1, por ejemplo, entre una pieza de lectura \u00e1gil en cualquier contexto (libro de bolsillo) y un libro expuesto y llamativo que ennoblezca a su due\u00f1o (libro de lujo).<\/p>\n<p><a href=\"http:\/\/www.catedracosgaya.com.ar\/tipoblog\/2013\/wp-content\/uploads\/2013\/06\/books.jpeg\"><img loading=\"lazy\" decoding=\"async\" class=\"alignnone size-medium wp-image-1448\" alt=\"books\" src=\"http:\/\/www.catedracosgaya.com.ar\/tipoblog\/2013\/wp-content\/uploads\/2013\/06\/books-300x183.jpeg\" width=\"300\" height=\"183\" srcset=\"https:\/\/www.catedracosgaya.com.ar\/tipoblog\/2013\/wp-content\/uploads\/2013\/06\/books-300x183.jpeg 300w, https:\/\/www.catedracosgaya.com.ar\/tipoblog\/2013\/wp-content\/uploads\/2013\/06\/books.jpeg 500w\" sizes=\"auto, (max-width: 300px) 100vw, 300px\" \/><\/a><\/p>\n<p><b>LAS EDICIONES SON LAS SIGUIENTES:<\/b><\/p>\n<p><b>Edici\u00f3n abreviada<\/b>. Texto reducido de un original.<\/p>\n<p><b>Edici\u00f3n ac\u00e9fala<\/b>. Obra sin portada o sin t\u00edtulo. Tambi\u00e9n se llama edici\u00f3n sin cabeza.<\/p>\n<p><b>Edici\u00f3n alterada o expurgada con fines did\u00e1cticos<\/b>. La denominaci\u00f3n proviene de las ediciones de los cl\u00e1sicos\u00a0griegos y latinos que para su hijo el delf\u00edn orden\u00f3 hacer Luis XIV en Francia.<\/p>\n<p><b>Edici\u00f3n anast\u00e1tica<\/b>. Edici\u00f3n estereotipada.<\/p>\n<p><b>Edici\u00f3n an\u00f3nima<\/b>. No lleva el nombre del autor.<\/p>\n<p><em id=\"__mceDel\"> <b>Edici\u00f3n anotada<\/b>. Tambi\u00e9n llamada edici\u00f3n comentada o apostillada, es la que lleva notas explicativas, al margen o al pie de texto, redactadas por personas distintas del autor, con el fin de aclarar o poner al d\u00eda la obra.<br \/>\n<\/em><\/p>\n<p><em id=\"__mceDel\"><a href=\"http:\/\/www.catedracosgaya.com.ar\/tipoblog\/2013\/wp-content\/uploads\/2013\/06\/el-libro-de-henoch-edicion-apocrifa_mla-f-2974733536_072012.jpg\"><img loading=\"lazy\" decoding=\"async\" class=\"alignnone size-medium wp-image-1440\" alt=\"el-libro-de-henoch-edicion-apocrifa_mla-f-2974733536_072012\" src=\"http:\/\/www.catedracosgaya.com.ar\/tipoblog\/2013\/wp-content\/uploads\/2013\/06\/el-libro-de-henoch-edicion-apocrifa_mla-f-2974733536_072012-225x300.jpg\" width=\"225\" height=\"300\" srcset=\"https:\/\/www.catedracosgaya.com.ar\/tipoblog\/2013\/wp-content\/uploads\/2013\/06\/el-libro-de-henoch-edicion-apocrifa_mla-f-2974733536_072012-225x300.jpg 225w, https:\/\/www.catedracosgaya.com.ar\/tipoblog\/2013\/wp-content\/uploads\/2013\/06\/el-libro-de-henoch-edicion-apocrifa_mla-f-2974733536_072012-768x1024.jpg 768w, https:\/\/www.catedracosgaya.com.ar\/tipoblog\/2013\/wp-content\/uploads\/2013\/06\/el-libro-de-henoch-edicion-apocrifa_mla-f-2974733536_072012.jpg 900w\" sizes=\"auto, (max-width: 225px) 100vw, 225px\" \/><\/a><br \/>\n<b>Edici\u00f3n ap\u00f3crifa<\/b>. Son ap\u00f3crifas: a) las obras de contenido m\u00e1s o menos ver\u00eddico, cuyo t\u00edtulo y autor no son del todo ciertos, b) aquellas en que el autor es supuesto o fingido; c) aquellas que nunca han existido, siendo falsos o imaginarios, por consiguiente, autor, t\u00edtulo y contenido.<br \/>\n<\/em><\/p>\n<p><em id=\"__mceDel\"><b>Edici\u00f3n art\u00edstica<\/b>. La que, por la acertada distribuci\u00f3n de tipos y blancos, la armon\u00eda entre el texto y las ilustraciones, la cuidada impresi\u00f3n, amplios m\u00e1rgenes, etc. re\u00fane en s\u00ed un grado apreciable de belleza. Es un tipo de edici\u00f3n de lujo.<br \/>\n<\/em><\/p>\n<p><em id=\"__mceDel\"><b>Edici\u00f3n aumentada<\/b>. La de una obra ya impresa anteriormente cuyo texto ha sido aumentado con relaci\u00f3n al de la edici\u00f3n anterior.<br \/>\n<a href=\"http:\/\/www.catedracosgaya.com.ar\/tipoblog\/2013\/wp-content\/uploads\/2013\/06\/BlogJulioVerne280.jpg\"><img loading=\"lazy\" decoding=\"async\" class=\"alignnone size-medium wp-image-1437\" alt=\"BlogJulioVerne280\" src=\"http:\/\/www.catedracosgaya.com.ar\/tipoblog\/2013\/wp-content\/uploads\/2013\/06\/BlogJulioVerne280-246x300.jpg\" width=\"246\" height=\"300\" srcset=\"https:\/\/www.catedracosgaya.com.ar\/tipoblog\/2013\/wp-content\/uploads\/2013\/06\/BlogJulioVerne280-246x300.jpg 246w, https:\/\/www.catedracosgaya.com.ar\/tipoblog\/2013\/wp-content\/uploads\/2013\/06\/BlogJulioVerne280-839x1024.jpg 839w, https:\/\/www.catedracosgaya.com.ar\/tipoblog\/2013\/wp-content\/uploads\/2013\/06\/BlogJulioVerne280.jpg 1312w\" sizes=\"auto, (max-width: 246px) 100vw, 246px\" \/><\/a><br \/>\n<b>Edici\u00f3n bibli\u00f3filo<\/b>. Edici\u00f3n de lujo de tirada reducida y numerada, destinada expresamente a personas que se interesan por los libros, no s\u00f3lo por el contenido sino m\u00e1s bien, por lo que puedan tener de bello, de curioso o de excepcional. Se dedican, sobre todo, a ediciones antiguas, pero actualmente se coleccionan obras modernas ricamente editadas, con papel de hilo, amplios m\u00e1rgenes, abundancia de blancos, etc.<\/em><\/p>\n<p><em id=\"__mceDel\"><br \/>\n<a href=\"http:\/\/www.catedracosgaya.com.ar\/tipoblog\/2013\/wp-content\/uploads\/2013\/06\/libro_bilingue_dualbooks.jpg\"><img loading=\"lazy\" decoding=\"async\" class=\"alignnone size-medium wp-image-1439\" alt=\"libro_bilingue_dualbooks\" src=\"http:\/\/www.catedracosgaya.com.ar\/tipoblog\/2013\/wp-content\/uploads\/2013\/06\/libro_bilingue_dualbooks-300x181.jpg\" width=\"300\" height=\"181\" srcset=\"https:\/\/www.catedracosgaya.com.ar\/tipoblog\/2013\/wp-content\/uploads\/2013\/06\/libro_bilingue_dualbooks-300x181.jpg 300w, https:\/\/www.catedracosgaya.com.ar\/tipoblog\/2013\/wp-content\/uploads\/2013\/06\/libro_bilingue_dualbooks.jpg 670w\" sizes=\"auto, (max-width: 300px) 100vw, 300px\" \/><\/a><br \/>\n<b>Edici\u00f3n biling\u00fce<\/b>. La publicada en dos lenguas. Este tipo de ediciones suele hacerse generalmente con fines pedag\u00f3gicos.<br \/>\n<\/em><\/p>\n<p><em id=\"__mceDel\"><b>Edici\u00f3n clandestina<\/b>. La efectuada ocultamente, y en especial la que se hace sin permiso del autor o editor.<br \/>\n<\/em><\/p>\n<p><em id=\"__mceDel\"><b>Edici\u00f3n cl\u00e1sica<\/b>. D\u00edcese de las de autores cl\u00e1sicos empleadas en las escuelas con fines pedag\u00f3gicos. Generalmente van provistas de comentarios gramaticales y literarios.<br \/>\n<\/em><\/p>\n<p><em id=\"__mceDel\"><b>Edici\u00f3n corregida<\/b>. La de una obra ya impresa anteriormente que se corrige por el autor o sus herederos antes de\u00a0<\/em><em id=\"__mceDel\"><em id=\"__mceDel\">enviarla a la imprenta para una nueva edici\u00f3n.<\/em><\/em><\/p>\n<p>&nbsp;<\/p>\n<p><em id=\"__mceDel\"><em id=\"__mceDel\"><b>Edici\u00f3n corriente<\/b>. Edici\u00f3n normal. Es la intermedia entre la de lujo y la econ\u00f3mica. En ella se armoniza la presentaci\u00f3n con el precio, pero sobre todo se procura, aun no poniendo a contribuci\u00f3n grandes recursos, que su presentaci\u00f3n sea lo m\u00e1s correcta posible.<br \/>\n<\/em><\/em><\/p>\n<p><em id=\"__mceDel\"><em id=\"__mceDel\"><b>Edici\u00f3n cr\u00edtica<\/b>. La confeccionada teniendo por base diversas fuentes manuscritas o impresas de otros autores y que se propone dar un texto limpio de errores de transmisi\u00f3n. Las variaciones existentes entre ellas se consignan en notas.<br \/>\n<\/em><\/em><\/p>\n<p><em id=\"__mceDel\"><em id=\"__mceDel\"><a href=\"http:\/\/www.catedracosgaya.com.ar\/tipoblog\/2013\/wp-content\/uploads\/2013\/06\/libro1.png\"><img loading=\"lazy\" decoding=\"async\" class=\"alignnone size-medium wp-image-1434\" alt=\"libro1\" src=\"http:\/\/www.catedracosgaya.com.ar\/tipoblog\/2013\/wp-content\/uploads\/2013\/06\/libro1-275x300.png\" width=\"275\" height=\"300\" srcset=\"https:\/\/www.catedracosgaya.com.ar\/tipoblog\/2013\/wp-content\/uploads\/2013\/06\/libro1-275x300.png 275w, https:\/\/www.catedracosgaya.com.ar\/tipoblog\/2013\/wp-content\/uploads\/2013\/06\/libro1.png 430w\" sizes=\"auto, (max-width: 275px) 100vw, 275px\" \/><\/a><\/em><\/em><\/p>\n<p><b>Edici\u00f3n de bolsillo<\/b>. Edici\u00f3n en un tama\u00f1o peque\u00f1o para su f\u00e1cil traslado.<\/p>\n<p><b>Edici\u00f3n de consulta<\/b>. Edici\u00f3n t\u00e9cnica cuyas obras se dedican a materias de consulta (diccionarios, enciclopedias, formularios, etc.)<\/p>\n<p><b>Edici\u00f3n definitiva<\/b>. Edici\u00f3n revisada por el autor o sus herederos y declarada por ellos como fija e invariable<\/p>\n<p><b>Edici\u00f3n de jubileo<\/b>. Edici\u00f3n conmemorativa de una obra, generalmente para celebrar un aniversario de la aparici\u00f3n del libro; suelen tener, al propio tiempo, sentido de homenaje intelectual al autor.<\/p>\n<p><a href=\"http:\/\/www.catedracosgaya.com.ar\/tipoblog\/2013\/wp-content\/uploads\/2013\/06\/1133-1.jpg\"><img loading=\"lazy\" decoding=\"async\" class=\"alignnone size-medium wp-image-1435\" alt=\"1133-1\" src=\"http:\/\/www.catedracosgaya.com.ar\/tipoblog\/2013\/wp-content\/uploads\/2013\/06\/1133-1-300x169.jpg\" width=\"300\" height=\"169\" srcset=\"https:\/\/www.catedracosgaya.com.ar\/tipoblog\/2013\/wp-content\/uploads\/2013\/06\/1133-1-300x169.jpg 300w, https:\/\/www.catedracosgaya.com.ar\/tipoblog\/2013\/wp-content\/uploads\/2013\/06\/1133-1-1024x579.jpg 1024w, https:\/\/www.catedracosgaya.com.ar\/tipoblog\/2013\/wp-content\/uploads\/2013\/06\/1133-1.jpg 1121w\" sizes=\"auto, (max-width: 300px) 100vw, 300px\" \/><\/a><br \/>\n<b>Edici\u00f3n de lujo<\/b>. Este tipo de ediciones se caracteriza por la riqueza de los materiales y el trabajo pulcro. Las ediciones de bibli\u00f3filo son de lujo, pero esto no quiere decir que todas las ediciones de lujo sean de bibli\u00f3filo.<\/p>\n<p><b>Edici\u00f3n de variantes<\/b>. La que recoge, sobre el texto de un manuscrito que es considerado el mejor, las modificaciones que ofrecen otros manuscritos o impresos de la misma obra.<\/p>\n<p><b>Edici\u00f3n diamante<\/b>. Se llama as\u00ed a la edici\u00f3n de formato reducido, elegante y cuidada, compuesta con caracteres muy peque\u00f1os. Tambi\u00e9n se llama edici\u00f3n liliputiense o edici\u00f3n microsc\u00f3pica.<\/p>\n<p><b>Edici\u00f3n did\u00e1ctica<\/b>. Se dice de las ediciones de obras destinadas a la ense\u00f1anza<\/p>\n<p><b>Edici\u00f3n diplom\u00e1tica<\/b>. Tambi\u00e9n llamada edici\u00f3n paleogr\u00e1fica, es la que reproduce el manuscrito original de la obra con\u00a0<em id=\"__mceDel\">absoluta fidelidad a sus caracter\u00edsticas gr\u00e1ficas; esto no obsta para que a veces se suplan voces, se deshagan abreviaturas, etc., aunque tambi\u00e9n pueden ir con ellas.<\/em><\/p>\n<p><em id=\"__mceDel\"> <b>Edici\u00f3n econ\u00f3mica<\/b>. Tambi\u00e9n llamada de batalla, es aquella que se pone poco cuidado en cuanto a la presentaci\u00f3n de detalles tipogr\u00e1ficos, subordin\u00e1ndolo todo al precio. Algunas de estas ediciones resultan verdaderamente deleznables, ni siquiera acordes con el precio que por ellas hay que abonar.<br \/>\n<\/em><\/p>\n<p><em id=\"__mceDel\"><b>Edici\u00f3n en caja<\/b>. Se dice de la que no ha llegado a imprimirse, aunque existan los moldes.<br \/>\n<\/em><\/p>\n<p><em id=\"__mceDel\"><b>Edici\u00f3n en papel<\/b>. D\u00edcese de la edici\u00f3n cuando los pliegos, ya impresos y plegados en cuadernillos, no han sido a\u00fan plegados ni cosidos<br \/>\n<\/em><\/p>\n<p><em id=\"__mceDel\"><b>Edici\u00f3n en rama<\/b>. D\u00edcese de la edici\u00f3n cuando los pliegos, ya impresos y plegados en cuadernillos, no han sido a\u00fan cosidos ni pegados (o encolados)<br \/>\n<\/em><\/p>\n<p><em id=\"__mceDel\"><b>Edici\u00f3n estereotipada<\/b>. La de la obra que se ha impreso por medio de estereotipos.<br \/>\n<\/em><\/p>\n<p><em id=\"__mceDel\"><b>Edici\u00f3n expurgada<\/b>. Se dice de la que ha sido acortada o reducida, por haberse suprimido algunos fragmentos por disposici\u00f3n de la censura gubernativa o eclesi\u00e1stica.<br \/>\n<\/em><\/p>\n<p><em id=\"__mceDel\"><b>Edici\u00f3n extracomercial<\/b>. La de una obra no destinada a la venta p\u00fablica.<br \/>\n<\/em><\/p>\n<p><em id=\"__mceDel\"><b>Edici\u00f3n facs\u00edmile (o facsimil)<\/b>. Es la que reproduce exactamente tanto en el texto como en las ilustraciones, la edici\u00f3n original. Suele emplearse en textos con valor documental. Tambi\u00e9n se llama edici\u00f3n facsimilar o en facs\u00edmile, edici\u00f3n fotot\u00edpica.<br \/>\n<\/em><\/p>\n<p><em id=\"__mceDel\"><a href=\"http:\/\/www.catedracosgaya.com.ar\/tipoblog\/2013\/wp-content\/uploads\/2013\/06\/Peque\u00f1o-Arsenio.jpg\"><img loading=\"lazy\" decoding=\"async\" class=\"alignnone size-medium wp-image-1436\" alt=\"Peque\u00f1o Arsenio\" src=\"http:\/\/www.catedracosgaya.com.ar\/tipoblog\/2013\/wp-content\/uploads\/2013\/06\/Peque\u00f1o-Arsenio-300x210.jpg\" width=\"300\" height=\"210\" srcset=\"https:\/\/www.catedracosgaya.com.ar\/tipoblog\/2013\/wp-content\/uploads\/2013\/06\/Peque\u00f1o-Arsenio-300x210.jpg 300w, https:\/\/www.catedracosgaya.com.ar\/tipoblog\/2013\/wp-content\/uploads\/2013\/06\/Peque\u00f1o-Arsenio.jpg 850w\" sizes=\"auto, (max-width: 300px) 100vw, 300px\" \/><\/a><br \/>\n<b>Edici\u00f3n ilustrada<\/b>. Aquella cuyo texto va ilustrado con dibujos o fotograf\u00edas. No es f\u00e1cil determinar el porcentaje de la ilustraci\u00f3n en relaci\u00f3n con el texto, pero en t\u00e9rminos generales el libro es, fundamentalmente, texto, y por consiguiente la ilustraci\u00f3n ha de ser sensiblemente menor que \u00e9ste.<br \/>\n<\/em><\/p>\n<p><em id=\"__mceDel\"><b>Edici\u00f3n in\u00e9dita<\/b>. La de una obra que se hace por primera vez. Tambi\u00e9n se llama edici\u00f3n original.<br \/>\n<\/em><\/p>\n<p><em id=\"__mceDel\"><b>Edici\u00f3n \u00edntegra<\/b>. Aquella que no ha sufrido cortes ni reducciones en su texto original.<br \/>\n<\/em><\/p>\n<p><em id=\"__mceDel\"><b>Edici\u00f3n limitada<\/b>. La que consta de pocos ejemplares.<br \/>\n<\/em><\/p>\n<p><em id=\"__mceDel\"><b>Edici\u00f3n oficial<\/b>. La que ha sido autorizada, costeada y publicada por el Estado.<br \/>\n<\/em><\/p>\n<p><em id=\"__mceDel\"><b>Edici\u00f3n paleogr\u00e1fica<\/b>. Edici\u00f3n diplom\u00e1tica.<br \/>\n<\/em><\/p>\n<p><em id=\"__mceDel\"><a href=\"http:\/\/www.catedracosgaya.com.ar\/tipoblog\/2013\/wp-content\/uploads\/2013\/06\/el-hombre-mediocre-ed-ingenieros-1929-postuma-antiguo_MLA-F-2799319957_062012.jpg\"><img loading=\"lazy\" decoding=\"async\" class=\"alignnone size-medium wp-image-1438\" alt=\"el-hombre-mediocre-ed-ingenieros-1929-postuma-antiguo_MLA-F-2799319957_062012\" src=\"http:\/\/www.catedracosgaya.com.ar\/tipoblog\/2013\/wp-content\/uploads\/2013\/06\/el-hombre-mediocre-ed-ingenieros-1929-postuma-antiguo_MLA-F-2799319957_062012-199x300.jpg\" width=\"199\" height=\"300\" srcset=\"https:\/\/www.catedracosgaya.com.ar\/tipoblog\/2013\/wp-content\/uploads\/2013\/06\/el-hombre-mediocre-ed-ingenieros-1929-postuma-antiguo_MLA-F-2799319957_062012-199x300.jpg 199w, https:\/\/www.catedracosgaya.com.ar\/tipoblog\/2013\/wp-content\/uploads\/2013\/06\/el-hombre-mediocre-ed-ingenieros-1929-postuma-antiguo_MLA-F-2799319957_062012.jpg 664w\" sizes=\"auto, (max-width: 199px) 100vw, 199px\" \/><\/a><br \/>\n<b>Edici\u00f3n p\u00f3stuma<\/b>. La de la obra publicada despu\u00e9s de la muerte del autor. (Es requisito indispensable que no haya sido publicada nunca en vida del autor)<br \/>\n<\/em><\/p>\n<p><em id=\"__mceDel\"><b>Edici\u00f3n preliminar<\/b>. Edici\u00f3n de ensayo o de prueba de una obra; tiene car\u00e1cter provisional. Suele hacerse en obras que, por su naturaleza, requieren la colaboraci\u00f3n de la cr\u00edtica; una vez completados los datos y observaciones pertinentes, se realiza la edici\u00f3n definitiva.<br \/>\n<\/em><\/p>\n<p><em id=\"__mceDel\"><b>Edici\u00f3n pr\u00edncipe<\/b>. La primera edici\u00f3n de una obra, precisamente cuando se han hecho varias ediciones\u00a0 de la misma. Tambi\u00e9n se llama edici\u00f3n principal o editio princeps.<br \/>\n<\/em><\/p>\n<p><em id=\"__mceDel\"><b>Edici\u00f3n privada<\/b>. La que realiza un particular y cuyos ejemplares no se venden al p\u00fablico.<br \/>\n<\/em><\/p>\n<p><em id=\"__mceDel\"><b>Edici\u00f3n refundida<\/b>. Aquella que incluye o comprende dos o m\u00e1s ediciones anteriores de la misma obra, a la cual el autor cambia la forma o disposici\u00f3n con el fin de mejorarla o modernizarla.<br \/>\n<\/em><\/p>\n<p><em id=\"__mceDel\"><b>Edici\u00f3n t\u00e9cnica<\/b>. La de una obra cuya materia es t\u00e9cnica o cient\u00edfica. Se contrapone a edici\u00f3n literaria.<\/em><\/p>\n<p><a href=\"http:\/\/bibliotecas1978.wordpress.com\/2013\/06\/08\/la-edicion-y-sus-tipos\/\">Fuente<\/a><\/p>\n","protected":false},"excerpt":{"rendered":"<p>El tipo de edici\u00f3n es un factor determinante en el dise\u00f1o de un libro. Esta caracter\u00edstica infiere directamente en el formato, la materialidad, el uso de ornamentos o ilustraciones, la estructuralizaci\u00f3n del espacio, entre otros componentes.<\/p>\n","protected":false},"author":71,"featured_media":1448,"comment_status":"closed","ping_status":"closed","sticky":false,"template":"","format":"standard","meta":{"footnotes":""},"categories":[5],"tags":[],"class_list":["post-1426","post","type-post","status-publish","format-standard","has-post-thumbnail","hentry","category-libro"],"jetpack_featured_media_url":"https:\/\/www.catedracosgaya.com.ar\/tipoblog\/2013\/wp-content\/uploads\/2013\/06\/books.jpeg","_links":{"self":[{"href":"https:\/\/www.catedracosgaya.com.ar\/tipoblog\/2013\/wp-json\/wp\/v2\/posts\/1426","targetHints":{"allow":["GET"]}}],"collection":[{"href":"https:\/\/www.catedracosgaya.com.ar\/tipoblog\/2013\/wp-json\/wp\/v2\/posts"}],"about":[{"href":"https:\/\/www.catedracosgaya.com.ar\/tipoblog\/2013\/wp-json\/wp\/v2\/types\/post"}],"author":[{"embeddable":true,"href":"https:\/\/www.catedracosgaya.com.ar\/tipoblog\/2013\/wp-json\/wp\/v2\/users\/71"}],"replies":[{"embeddable":true,"href":"https:\/\/www.catedracosgaya.com.ar\/tipoblog\/2013\/wp-json\/wp\/v2\/comments?post=1426"}],"version-history":[{"count":7,"href":"https:\/\/www.catedracosgaya.com.ar\/tipoblog\/2013\/wp-json\/wp\/v2\/posts\/1426\/revisions"}],"predecessor-version":[{"id":1447,"href":"https:\/\/www.catedracosgaya.com.ar\/tipoblog\/2013\/wp-json\/wp\/v2\/posts\/1426\/revisions\/1447"}],"wp:featuredmedia":[{"embeddable":true,"href":"https:\/\/www.catedracosgaya.com.ar\/tipoblog\/2013\/wp-json\/wp\/v2\/media\/1448"}],"wp:attachment":[{"href":"https:\/\/www.catedracosgaya.com.ar\/tipoblog\/2013\/wp-json\/wp\/v2\/media?parent=1426"}],"wp:term":[{"taxonomy":"category","embeddable":true,"href":"https:\/\/www.catedracosgaya.com.ar\/tipoblog\/2013\/wp-json\/wp\/v2\/categories?post=1426"},{"taxonomy":"post_tag","embeddable":true,"href":"https:\/\/www.catedracosgaya.com.ar\/tipoblog\/2013\/wp-json\/wp\/v2\/tags?post=1426"}],"curies":[{"name":"wp","href":"https:\/\/api.w.org\/{rel}","templated":true}]}}